{"id":2290,"date":"2021-08-26T14:46:35","date_gmt":"2021-08-26T14:46:35","guid":{"rendered":"https:\/\/hre-official.com\/?p=2290"},"modified":"2023-05-29T15:43:14","modified_gmt":"2023-05-29T15:43:14","slug":"%d9%86%d9%81%d8%b0%d8%aa-%d9%82%d9%88%d8%a7%d8%aa%d9%86%d8%a7-%d8%b9%d9%85%d9%84%d9%8a%d8%a7%d8%aa-%d9%81%d8%b9%d8%a7%d9%84%d8%a9-%d8%a8%d9%8a%d9%86-17-%d9%88-23-%d8%a2%d8%a8-%d8%a3%d8%ba%d8%b3","status":"publish","type":"post","link":"https:\/\/hre-official.com\/?p=2290","title":{"rendered":"\u0646\u0641\u0630\u062a \u0642\u0648\u0627\u062a\u0646\u0627 \u0639\u0645\u0644\u064a\u0627\u062a \u0641\u0639\u0627\u0644\u0629 \u0628\u064a\u0646 17 \u0648 23 \u0622\u0628 \/ \u0623\u063a\u0633\u0637\u0633"},"content":{"rendered":"\r\n<p dir=\"ltr\">Ji \u00e7apemen\u00ee \u00fb raya gi\u015ft\u00ee re<br \/>Li hember \u00eari\u015f\u00ean dewleta Tirk a\u00a0 dagirker \u00fb \u00e7etey\u00ean w\u00ea h\u00eaz\u00ean me di navbera roj\u00ean 17 \u00fb 23\u00ea Tebax\u00ea de \u00e7alakiy\u00ean bibandor lidar xistin. Di v\u00ea \u00e7ar\u00e7ovey\u00ea de;<br \/>Li roja 17\u00ea Tebax\u00ea, li gund\u00ea Qurb\u00ea ya nav\u00e7eya Cindir\u00eas\u00ea, ji aliy\u00ea T\u00eema \u015eeh\u00eed Avesta ve \u00e7alakiyek sabotaj\u00ea hat lidar xistin. \u00a0Di encama v\u00ea \u00e7alakiy\u00ea de ser\u00e7eteya bi nave Eb\u00fb Docana \u00fb 2 \u00e7etey\u00ean din hatin ku\u015ftin. <br \/>Li roja 21\u00ea Tebax\u00ea, li taxa E\u015frefiy\u00ea ya bajar\u00ea Efr\u00een\u00ea di encama \u00e7alakiyek sabotaj\u00ea de \u00e7eteyek hat ku\u015ftin, 2 \u00e7ete j\u00ee br\u00eendar b\u00fbn. <br \/>Li roj\u00ean 22 \u00fb 23\u00ea Tebax\u00ea, li gund\u00ea Keferxwe\u015f\u00ea ya bajaroka Ezaz\u00ea, li hember \u00e7etey\u00ean dagirker 2 \u00e7alakiy\u00ean bibandor hatin lidar xistin. Di \u00e7alakiya 22\u00ea Tebax\u00ea de 2 \u00e7ete hatin ku\u015ftin, 7 \u00e7ete j\u00ee br\u00eendar b\u00fbn. Di \u00e7alakiya 23\u00ea Tebax\u00ea de j\u00ee\u00a0 3 \u00e7ete hatin ku\u015ftin, 3 \u00e7ete j\u00ee br\u00eendar b\u00fbn. Di v\u00ea \u00e7alakiy\u00ea de herwiha, mewziyek \u00fb konteynirek j\u00ee hatin ruxandin.<br \/>Di wan \u00e7alakiyan de bi gi\u015f\u00ee; 9 \u00e7ete hatin ku\u015ftin, 12 \u00e7ete j\u00ee br\u00eendar b\u00fbn.<br \/>H\u00eaz\u00ean Rizgariya Efr\u00een\u00ea<br \/>26 Tebax 2021<\/p>\r\n\r\n\r\n\r\n<p>\u0634\u0627\u0647\u062f \u0627\u0644\u0641\u064a\u062f\u064a\u0648 \u0639\u0628\u0631 \u0627\u0644\u0631\u0627\u0628\u0637 \u0627\u0644\u062a\u0627\u0644\u064a :<\/p>\r\n\r\n\r\n\r\n<p dir=\"ltr\"><a href=\"https:\/\/t.me\/HRE_official_kurdish\/678\">t.me\/HRE_official_kurdish\/678<\/a><\/p>\r\n\r\n\r\n\r\n<p dir=\"ltr\"><a href=\"https:\/\/t.me\/HRE_official_kurdish\/679\">t.me\/HRE_official_kurdish\/679<\/a><\/p>\r\n","protected":false},"excerpt":{"rendered":"<p>Ji \u00e7apemen\u00ee \u00fb raya gi\u015ft\u00ee reLi hember \u00eari\u015f\u00ean dewleta Tirk a\u00a0 dagirker \u00fb \u00e7etey\u00ean w\u00ea h\u00eaz\u00ean me di navbera roj\u00ean 17 \u00fb 23\u00ea Tebax\u00ea de \u00e7alakiy\u00ean bibandor lidar xistin. Di v\u00ea \u00e7ar\u00e7ovey\u00ea de;Li roja 17\u00ea Tebax\u00ea, li gund\u00ea Qurb\u00ea ya nav\u00e7eya Cindir\u00eas\u00ea, ji aliy\u00ea T\u00eema \u015eeh\u00eed Avesta ve \u00e7alakiyek sabotaj\u00ea hat lidar xistin. \u00a0Di encama &hellip;<\/p>\n","protected":false},"author":1,"featured_media":2289,"comment_status":"open","ping_status":"open","sticky":false,"template":"","format":"standard","meta":{"_jetpack_memberships_contains_paid_content":false,"footnotes":""},"categories":[24,25],"tags":[],"class_list":["post-2290","post","type-post","status-publish","format-standard","has-post-thumbnail","hentry","category-24","category-25"],"jetpack_featured_media_url":"https:\/\/hre-official.com\/wp-content\/uploads\/2023\/05\/Screenshot_2023-05-28-20-46-12-482-edit_org.telegram.messenger.jpg","jetpack_sharing_enabled":true,"_links":{"self":[{"href":"https:\/\/hre-official.com\/index.php?rest_route=\/wp\/v2\/posts\/2290","targetHints":{"allow":["GET"]}}],"collection":[{"href":"https:\/\/hre-official.com\/index.php?rest_route=\/wp\/v2\/posts"}],"about":[{"href":"https:\/\/hre-official.com\/index.php?rest_route=\/wp\/v2\/types\/post"}],"author":[{"embeddable":true,"href":"https:\/\/hre-official.com\/index.php?rest_route=\/wp\/v2\/users\/1"}],"replies":[{"embeddable":true,"href":"https:\/\/hre-official.com\/index.php?rest_route=%2Fwp%2Fv2%2Fcomments&post=2290"}],"version-history":[{"count":0,"href":"https:\/\/hre-official.com\/index.php?rest_route=\/wp\/v2\/posts\/2290\/revisions"}],"wp:featuredmedia":[{"embeddable":true,"href":"https:\/\/hre-official.com\/index.php?rest_route=\/wp\/v2\/media\/2289"}],"wp:attachment":[{"href":"https:\/\/hre-official.com\/index.php?rest_route=%2Fwp%2Fv2%2Fmedia&parent=2290"}],"wp:term":[{"taxonomy":"category","embeddable":true,"href":"https:\/\/hre-official.com\/index.php?rest_route=%2Fwp%2Fv2%2Fcategories&post=2290"},{"taxonomy":"post_tag","embeddable":true,"href":"https:\/\/hre-official.com\/index.php?rest_route=%2Fwp%2Fv2%2Ftags&post=2290"}],"curies":[{"name":"wp","href":"https:\/\/api.w.org\/{rel}","templated":true}]}}