{"id":2284,"date":"2021-07-26T03:35:42","date_gmt":"2021-07-26T03:35:42","guid":{"rendered":"https:\/\/hre-official.com\/?p=2284"},"modified":"2023-05-29T15:26:22","modified_gmt":"2023-05-29T15:26:22","slug":"%d8%a7%d8%b3%d8%aa%d8%b4%d9%87%d8%a7%d8%af-%d8%a7%d8%ad%d8%af-%d8%b1%d9%81%d8%a7%d9%82%d9%86%d8%a7-%d8%a7%d9%84%d8%b4%d9%87%d9%8a%d8%af-%d8%b2%d9%86%d8%a7%d8%b1-%d8%b9%d9%81%d8%b1%d9%8a%d9%86","status":"publish","type":"post","link":"https:\/\/hre-official.com\/?p=2284","title":{"rendered":"\u0627\u0633\u062a\u0634\u0647\u0627\u062f \u0627\u062d\u062f \u0631\u0641\u0627\u0642\u0646\u0627 \u0627\u0644\u0634\u0647\u064a\u062f \u0632\u0646\u0627\u0631 \u0639\u0641\u0631\u064a\u0646"},"content":{"rendered":"<p><strong><\/strong><\/p>\r\n<p dir=\"ltr\" style=\"text-align: left;\">Em r\u00eaheval Zinar Efr\u00een bi r\u00eazdar\u00ee bib\u00eer t\u00eenin<\/p>\r\n\r\n\r\n\r\n<p style=\"text-align: left;\">Ji \u00e7apemen\u00ee \u00fb raya gi\u015ft\u00ee re<\/p>\r\n\r\n\r\n\r\n<p style=\"text-align: left;\">Li roja 25\u00ea T\u00eermeh\u00ea, li her\u00eama Efr\u00een\u00ea r\u00eaheval\u00ea me Zinar Efr\u00een di encama topbarana dewleta Tirk a dagirker de gihi\u015ft \u015fehadet\u00ea. Di heman topbaran\u00ea de 2 r\u00eaheval\u00ean me j\u00ee br\u00eendar b\u00fbn.<\/p>\r\n\r\n\r\n\r\n<p style=\"text-align: left;\">R\u00eaheval Zinar li Efr\u00een\u00ea di nav malbatek welatpar\u00eaz de mezin b\u00fb. Hest\u00ean welatpar\u00eaziy\u00ea di kesayeta xwe de zivirand zaneb\u00fbnek\u00ee \u00fb li ser v\u00ea esas\u00ea ji bo tol\u00ea ji dagirkeran bigire li sala 2020 an tevli nav ref\u00ean me b\u00fb. R\u00eaheval Zinar her tim bi moral \u00fb co\u015feke mezin tevli kar \u00fb xebatan b\u00fb \u00fb hem\u00fb erk\u00ean ku diketin ser mil\u00ea w\u00ee bi azwer\u00ee \u00fb berpirsiyariyek mezin bic\u00eeh an\u00ee. Ev sekna xwe ya bibiryar heta k\u00ealiya daw\u00ee ya jiyana xwe parast \u00fb tevl\u00ee karwan\u00ea \u015feh\u00eed\u00ean azadiye b\u00fb.<\/p>\r\n\r\n\r\n\r\n<p style=\"text-align: left;\">\u00a0<\/p>\r\n\r\n\r\n\r\n<p style=\"text-align: left;\">Nasnav: Zinar Efr\u00een<\/p>\r\n\r\n\r\n\r\n<p style=\"text-align: left;\">Nav \u00fb Pa\u015fnav: Rehman His\u00ean<\/p>\r\n\r\n\r\n\r\n<p style=\"text-align: left;\">Nav\u00ea dayik: Em\u00eene<\/p>\r\n\r\n\r\n\r\n<p style=\"text-align: left;\">Nav\u00ea bav: El\u00ee His\u00ean<\/p>\r\n\r\n\r\n\r\n<p style=\"text-align: left;\">Cih \u00fb d\u00eeroka \u015fehadet\u00ea: Her\u00eama Efr\u00een | 25 T\u00eermeh 2021<\/p>\r\n\r\n\r\n\r\n<p style=\"text-align: left;\">\u00a0<\/p>\r\n\r\n\r\n\r\n<p dir=\"ltr\" style=\"text-align: left;\">Em di \u015fexs\u00ea r\u00eaheval Zinar de tevah\u00ee \u015feh\u00eed\u00ean xwe y\u00ean leheng bi r\u00eazdar\u00ee bib\u00eer t\u00eenin, ji malbat\u00ea \u015feh\u00eed\u00ea xwe \u00fb ji gel\u00ea xwe re sersaxiy\u00ea dixwazin.<\/p>\r\n\r\n\r\n\r\n<p dir=\"ltr\" style=\"text-align: left;\">H\u00eaz\u00ean Rizgariya Efr\u00een\u00ea<\/p>\r\n\r\n\r\n\r\n<p dir=\"ltr\" style=\"text-align: left;\">26 T\u00eermeh 2021<\/p>\r\n","protected":false},"excerpt":{"rendered":"<p>Em r\u00eaheval Zinar Efr\u00een bi r\u00eazdar\u00ee bib\u00eer t\u00eenin Ji \u00e7apemen\u00ee \u00fb raya gi\u015ft\u00ee re Li roja 25\u00ea T\u00eermeh\u00ea, li her\u00eama Efr\u00een\u00ea r\u00eaheval\u00ea me Zinar Efr\u00een di encama topbarana dewleta Tirk a dagirker de gihi\u015ft \u015fehadet\u00ea. Di heman topbaran\u00ea de 2 r\u00eaheval\u00ean me j\u00ee br\u00eendar b\u00fbn. R\u00eaheval Zinar li Efr\u00een\u00ea di nav malbatek welatpar\u00eaz de mezin &hellip;<\/p>\n","protected":false},"author":1,"featured_media":2283,"comment_status":"open","ping_status":"open","sticky":false,"template":"","format":"standard","meta":{"_jetpack_memberships_contains_paid_content":false,"footnotes":""},"categories":[26],"tags":[],"class_list":["post-2284","post","type-post","status-publish","format-standard","has-post-thumbnail","hentry","category-26"],"jetpack_featured_media_url":"https:\/\/hre-official.com\/wp-content\/uploads\/2023\/05\/IMG_20230527_003556_943.jpg","jetpack_sharing_enabled":true,"_links":{"self":[{"href":"https:\/\/hre-official.com\/index.php?rest_route=\/wp\/v2\/posts\/2284","targetHints":{"allow":["GET"]}}],"collection":[{"href":"https:\/\/hre-official.com\/index.php?rest_route=\/wp\/v2\/posts"}],"about":[{"href":"https:\/\/hre-official.com\/index.php?rest_route=\/wp\/v2\/types\/post"}],"author":[{"embeddable":true,"href":"https:\/\/hre-official.com\/index.php?rest_route=\/wp\/v2\/users\/1"}],"replies":[{"embeddable":true,"href":"https:\/\/hre-official.com\/index.php?rest_route=%2Fwp%2Fv2%2Fcomments&post=2284"}],"version-history":[{"count":0,"href":"https:\/\/hre-official.com\/index.php?rest_route=\/wp\/v2\/posts\/2284\/revisions"}],"wp:featuredmedia":[{"embeddable":true,"href":"https:\/\/hre-official.com\/index.php?rest_route=\/wp\/v2\/media\/2283"}],"wp:attachment":[{"href":"https:\/\/hre-official.com\/index.php?rest_route=%2Fwp%2Fv2%2Fmedia&parent=2284"}],"wp:term":[{"taxonomy":"category","embeddable":true,"href":"https:\/\/hre-official.com\/index.php?rest_route=%2Fwp%2Fv2%2Fcategories&post=2284"},{"taxonomy":"post_tag","embeddable":true,"href":"https:\/\/hre-official.com\/index.php?rest_route=%2Fwp%2Fv2%2Ftags&post=2284"}],"curies":[{"name":"wp","href":"https:\/\/api.w.org\/{rel}","templated":true}]}}