{"id":2281,"date":"2021-07-25T03:35:51","date_gmt":"2021-07-25T03:35:51","guid":{"rendered":"https:\/\/hre-official.com\/?p=2281"},"modified":"2023-05-29T15:43:31","modified_gmt":"2023-05-29T15:43:31","slug":"%d8%a8%d9%8a%d9%86-%d9%82%d8%b1%d9%8a%d8%aa%d9%8a-%d9%85%d8%b1%d9%8a%d9%85%d9%8a%d9%86-%d9%88-%d9%85%d8%b9%d8%b1%d8%b3%d9%83%d8%a9-%d9%81%d9%8a-%d9%86%d8%a7%d8%ad%d9%8a%d8%a9-%d8%b4%d8%b1%d8%a7-%d8%8c","status":"publish","type":"post","link":"https:\/\/hre-official.com\/?p=2281","title":{"rendered":"\u0628\u064a\u0646 \u0642\u0631\u064a\u062a\u064a \u0645\u0631\u064a\u0645\u064a\u0646 \u0648 \u0645\u0639\u0631\u0633\u0643\u0629 \u0641\u064a \u0646\u0627\u062d\u064a\u0629 \u0634\u0631\u0627 \u060c \u062a\u0645 \u0627\u0633\u062a\u0647\u062f\u0627\u0641 \u0639\u0631\u0628\u0629 \u0645\u062f\u0631\u0639\u0629 \u0644\u062c\u0646\u0648\u062f \u0627\u0644\u0627\u062d\u062a\u0644\u0627\u0644 \u0627\u0644\u062a\u0631\u0643\u064a."},"content":{"rendered":"\r\n<p dir=\"ltr\">Ji \u00e7apemen\u00ee \u00fb raya gi\u015ft\u00ee re <br \/>Li roja 24\u00ea T\u00eermeh\u00ea, di navbera gund\u00ean Meryem\u00een\u00ea \u00fb Meresk\u00ea ya nav\u00e7eya \u015eera, li hember seyareyek zirx\u00ee ya bi cureya kirp\u00ee \u00e7alakiyek sabotaj\u00ea hat li dar xistin. Di encama v\u00ea \u00e7alakiy\u00ea de ev k\u00eerp\u00ee hat ruxandin, 5 le\u015fker hatin ku\u015ftin, 8 le\u015fker j\u00ee br\u00eendar b\u00fbn. <br \/>Ev \u00e7alak\u00ee ji bo bersivdayina p\u00eakan\u00een\u00ean dij\u00ee mirovah\u00ee ya dewleta Tirk a dagirker ku di \u015eeh\u00eedgeha Efr\u00een\u00ea de p\u00eak an\u00ee, hat li dar xistin. <br \/>H\u00eaz\u00ean Rizgariya Efr\u00een\u00ea <br \/>25 T\u00eermeh 2021<\/p>\r\n\r\n\r\n\r\n<p>\u0634\u0627\u0647\u062f \u0627\u0644\u0641\u064a\u062f\u064a\u0648 \u0639\u0628\u0631 \u0627\u0644\u0631\u0627\u0628\u0637 \u0627\u0644\u062a\u0627\u0644\u064a :<\/p>\r\n\r\n\r\n\r\n<p dir=\"ltr\"><a href=\"https:\/\/t.me\/HRE_official_kurdish\/669\">t.me\/HRE_official_kurdish\/669<\/a><\/p>\r\n","protected":false},"excerpt":{"rendered":"<p>Ji \u00e7apemen\u00ee \u00fb raya gi\u015ft\u00ee re Li roja 24\u00ea T\u00eermeh\u00ea, di navbera gund\u00ean Meryem\u00een\u00ea \u00fb Meresk\u00ea ya nav\u00e7eya \u015eera, li hember seyareyek zirx\u00ee ya bi cureya kirp\u00ee \u00e7alakiyek sabotaj\u00ea hat li dar xistin. Di encama v\u00ea \u00e7alakiy\u00ea de ev k\u00eerp\u00ee hat ruxandin, 5 le\u015fker hatin ku\u015ftin, 8 le\u015fker j\u00ee br\u00eendar b\u00fbn. Ev \u00e7alak\u00ee ji bo &hellip;<\/p>\n","protected":false},"author":1,"featured_media":2280,"comment_status":"open","ping_status":"open","sticky":false,"template":"","format":"standard","meta":{"_jetpack_memberships_contains_paid_content":false,"footnotes":""},"categories":[24,25],"tags":[],"class_list":["post-2281","post","type-post","status-publish","format-standard","has-post-thumbnail","hentry","category-24","category-25"],"jetpack_featured_media_url":"https:\/\/hre-official.com\/wp-content\/uploads\/2023\/05\/Screenshot_2023-05-27-00-30-26-615-edit_org.telegram.messenger.jpg","jetpack_sharing_enabled":true,"_links":{"self":[{"href":"https:\/\/hre-official.com\/index.php?rest_route=\/wp\/v2\/posts\/2281","targetHints":{"allow":["GET"]}}],"collection":[{"href":"https:\/\/hre-official.com\/index.php?rest_route=\/wp\/v2\/posts"}],"about":[{"href":"https:\/\/hre-official.com\/index.php?rest_route=\/wp\/v2\/types\/post"}],"author":[{"embeddable":true,"href":"https:\/\/hre-official.com\/index.php?rest_route=\/wp\/v2\/users\/1"}],"replies":[{"embeddable":true,"href":"https:\/\/hre-official.com\/index.php?rest_route=%2Fwp%2Fv2%2Fcomments&post=2281"}],"version-history":[{"count":0,"href":"https:\/\/hre-official.com\/index.php?rest_route=\/wp\/v2\/posts\/2281\/revisions"}],"wp:featuredmedia":[{"embeddable":true,"href":"https:\/\/hre-official.com\/index.php?rest_route=\/wp\/v2\/media\/2280"}],"wp:attachment":[{"href":"https:\/\/hre-official.com\/index.php?rest_route=%2Fwp%2Fv2%2Fmedia&parent=2281"}],"wp:term":[{"taxonomy":"category","embeddable":true,"href":"https:\/\/hre-official.com\/index.php?rest_route=%2Fwp%2Fv2%2Fcategories&post=2281"},{"taxonomy":"post_tag","embeddable":true,"href":"https:\/\/hre-official.com\/index.php?rest_route=%2Fwp%2Fv2%2Ftags&post=2281"}],"curies":[{"name":"wp","href":"https:\/\/api.w.org\/{rel}","templated":true}]}}