{"id":2274,"date":"2021-07-15T02:42:20","date_gmt":"2021-07-15T02:42:20","guid":{"rendered":"https:\/\/hre-official.com\/?p=2274"},"modified":"2023-05-29T15:43:45","modified_gmt":"2023-05-29T15:43:45","slug":"%d8%aa%d9%85-%d8%a7%d8%aa%d8%ae%d8%a7%d8%b0-%d8%a5%d8%ac%d8%b1%d8%a7%d8%a1%d8%a7%d8%aa-%d9%81%d8%b9%d8%a7%d9%84%d8%a9-%d8%b6%d8%af-%d8%a7%d9%84%d8%ba%d8%b2%d8%a7%d8%a9-%d9%81%d9%8a-%d9%85%d9%86%d8%a7","status":"publish","type":"post","link":"https:\/\/hre-official.com\/?p=2274","title":{"rendered":"\u062a\u0645 \u0627\u062a\u062e\u0627\u0630 \u0625\u062c\u0631\u0627\u0621\u0627\u062a \u0641\u0639\u0627\u0644\u0629 \u0636\u062f \u0627\u0644\u063a\u0632\u0627\u0629 \u0641\u064a \u0645\u0646\u0627\u0637\u0642 \u0627\u0644\u0628\u0627\u0628 \u060c \u0648\u0645\u0627\u0631\u0639 \u060c \u0648\u0634\u0631\u0627 \u060c \u0648\u0634\u064a\u0631\u0627\u0648\u0627"},"content":{"rendered":"\r\n<p dir=\"ltr\">Ji \u00e7apemen\u00ee \u00fb raya gi\u015ft\u00ee re <br \/>Li hember art\u00ea\u015fa dagirker \u00fb \u00e7etey\u00ean w\u00ea \u00e7alakiy\u00ean me y\u00ean bersivdayin\u00ea berdewam dikin. Li hember dagirkeran li her\u00eam\u00ean Bab, Mar\u00ea, \u015eera \u00fb \u015e\u00earawa \u00e7alakiy\u00ean bibandor hatin li dar xistin. Di v\u00ea \u00e7ar\u00e7ovey\u00ea de; <br \/>Li roja 27\u00ea P\u00fb\u015fber\u00ea, li Bab\u00ea li hember \u00e7etey\u00ean dagirker \u00e7alakiyek sabotaj\u00ea hat li dar xistin. Di encama v\u00ea \u00e7alakiy\u00ea de 2 \u00e7ete hatin ku\u015ftin, \u00e7eteyek j\u00ee br\u00eendar b\u00fb. Seyarey\u00ea \u00e7eteyan hat r\u00fbxandin. <br \/>Li roj\u00ean 5 \u00fb 6\u00ea T\u00eermeh\u00ea, li n\u00eaz\u00ee bajaroka Mar\u00ea, di encama \u00e7alakiy\u00ean sekvan\u00ee de 3 \u00e7ete hatin ku\u015ftin. <br \/>Li roja 14\u00ea T\u00eermeh\u00ea, li n\u00eaz\u00ee bajaroka Mar\u00ea, di encama \u00e7alakiyek sekvan\u00ee de \u00e7eteyek hat ku\u015ftin. Li heman roj\u00ea, li gund\u00ea Meryem\u00een\u00ea ya nav\u00e7eya \u015eera, li hember \u00e7etey\u00ean dagirker \u00e7alakiyek taybet hat li dar xistin. Di encama v\u00ea \u00e7alakiy\u00ea de seyareyek \u00e7eteyan hat r\u00fbxandin. Li heman roj\u00ea li gund\u00ea Gobel\u00ea ya nav\u00e7eya \u015e\u00earewa, li hember qa\u00eedeyek art\u00ea\u015fa Tirk a dagirker \u00e7alakiyek hat li dar xistin. Di encama v\u00ea \u00e7alakiy\u00ea de j\u00ee 3 le\u015fker hatin ku\u015ftin, seyareyek zirx\u00ee ya bi c\u00fbreya K\u00eerp\u00ee \u00fb noxteyek cebilxane hatin r\u00fbxandin. <br \/>Di wan \u00e7alakiyan de bi gi\u015ft\u00ee, 6 \u00e7ete \u00fb 3 le\u015fker hatin ku\u015ftin, \u00e7eteyek j\u00ee br\u00eendar b\u00fb. <br \/>H\u00eaz\u00ean Rizgariya Efr\u00een\u00ea <br \/>15 T\u00eermeh 2021 <\/p>\r\n\r\n\r\n\r\n<p>\u0634\u0627\u0647\u062f \u0627\u0644\u0641\u064a\u062f\u064a\u0648 \u0639\u0628\u0631 \u0627\u0644\u0631\u0627\u0628\u0637 \u0627\u0644\u062a\u0627\u0644\u064a :<\/p>\r\n\r\n\r\n\r\n<p dir=\"ltr\"><a href=\"https:\/\/t.me\/HRE_official_kurdish\/663\">t.me\/HRE_official_kurdish\/663<\/a><\/p>\r\n","protected":false},"excerpt":{"rendered":"<p>Ji \u00e7apemen\u00ee \u00fb raya gi\u015ft\u00ee re Li hember art\u00ea\u015fa dagirker \u00fb \u00e7etey\u00ean w\u00ea \u00e7alakiy\u00ean me y\u00ean bersivdayin\u00ea berdewam dikin. Li hember dagirkeran li her\u00eam\u00ean Bab, Mar\u00ea, \u015eera \u00fb \u015e\u00earawa \u00e7alakiy\u00ean bibandor hatin li dar xistin. Di v\u00ea \u00e7ar\u00e7ovey\u00ea de; Li roja 27\u00ea P\u00fb\u015fber\u00ea, li Bab\u00ea li hember \u00e7etey\u00ean dagirker \u00e7alakiyek sabotaj\u00ea hat li dar xistin. &hellip;<\/p>\n","protected":false},"author":1,"featured_media":2273,"comment_status":"open","ping_status":"open","sticky":false,"template":"","format":"standard","meta":{"_jetpack_memberships_contains_paid_content":false,"footnotes":""},"categories":[24,25],"tags":[],"class_list":["post-2274","post","type-post","status-publish","format-standard","has-post-thumbnail","hentry","category-24","category-25"],"jetpack_featured_media_url":"https:\/\/hre-official.com\/wp-content\/uploads\/2023\/05\/FB_IMG_1678659820257-2.jpg","jetpack_sharing_enabled":true,"_links":{"self":[{"href":"https:\/\/hre-official.com\/index.php?rest_route=\/wp\/v2\/posts\/2274","targetHints":{"allow":["GET"]}}],"collection":[{"href":"https:\/\/hre-official.com\/index.php?rest_route=\/wp\/v2\/posts"}],"about":[{"href":"https:\/\/hre-official.com\/index.php?rest_route=\/wp\/v2\/types\/post"}],"author":[{"embeddable":true,"href":"https:\/\/hre-official.com\/index.php?rest_route=\/wp\/v2\/users\/1"}],"replies":[{"embeddable":true,"href":"https:\/\/hre-official.com\/index.php?rest_route=%2Fwp%2Fv2%2Fcomments&post=2274"}],"version-history":[{"count":0,"href":"https:\/\/hre-official.com\/index.php?rest_route=\/wp\/v2\/posts\/2274\/revisions"}],"wp:featuredmedia":[{"embeddable":true,"href":"https:\/\/hre-official.com\/index.php?rest_route=\/wp\/v2\/media\/2273"}],"wp:attachment":[{"href":"https:\/\/hre-official.com\/index.php?rest_route=%2Fwp%2Fv2%2Fmedia&parent=2274"}],"wp:term":[{"taxonomy":"category","embeddable":true,"href":"https:\/\/hre-official.com\/index.php?rest_route=%2Fwp%2Fv2%2Fcategories&post=2274"},{"taxonomy":"post_tag","embeddable":true,"href":"https:\/\/hre-official.com\/index.php?rest_route=%2Fwp%2Fv2%2Ftags&post=2274"}],"curies":[{"name":"wp","href":"https:\/\/api.w.org\/{rel}","templated":true}]}}