{"id":2271,"date":"2021-07-07T02:40:20","date_gmt":"2021-07-07T02:40:20","guid":{"rendered":"https:\/\/hre-official.com\/?p=2271"},"modified":"2023-05-29T15:27:01","modified_gmt":"2023-05-29T15:27:01","slug":"%d8%a7%d8%b3%d8%aa%d8%b4%d9%87%d8%a7%d8%af-%d8%a7%d8%ad%d8%af-%d8%b1%d9%81%d8%a7%d9%82%d9%86%d8%a7-%d8%a7%d9%84%d8%b4%d9%87%d9%8a%d8%af-%d8%af%d9%84%d8%b4%d9%8a%d8%b1-%d8%b9%d9%81%d8%b1%d9%8a%d9%86","status":"publish","type":"post","link":"https:\/\/hre-official.com\/?p=2271","title":{"rendered":"\u0627\u0633\u062a\u0634\u0647\u0627\u062f \u0627\u062d\u062f \u0631\u0641\u0627\u0642\u0646\u0627 \u0627\u0644\u0634\u0647\u064a\u062f \u062f\u0644\u0634\u064a\u0631 \u0639\u0641\u0631\u064a\u0646"},"content":{"rendered":"<p><strong><\/strong><\/p>\r\n<p dir=\"ltr\" style=\"text-align: left;\">Em r\u00eaheval Dil\u015f\u00ear Efr\u00een bir\u00eazdar\u00ee bib\u00eer t\u00eenin<\/p>\r\n\r\n\r\n\r\n<p style=\"text-align: left;\">Ji \u00e7apemen\u00ee \u00fb raya gi\u015ft\u00ee re<\/p>\r\n\r\n\r\n\r\n<p style=\"text-align: left;\">Li roja 5\u00ea T\u00eermeh\u00ea r\u00eaheval\u00ea me Dil\u015f\u00ear Efr\u00een, li her\u00eama Efr\u00een\u00ea dema li ser erka xwe b\u00fb gihi\u015ft asta \u015fehadet\u00ea.<\/p>\r\n\r\n\r\n\r\n<p style=\"text-align: left;\">R\u00eaheval Dil\u015f\u00ear li Heleb\u00ea di nav malbatek welatpar\u00eaz de ji dayik b\u00fb. Di t\u00eako\u015f\u00eena me ya li hember qirkirin \u00fb dagirkeriy\u00ea de heta k\u00ealiya daw\u00ee cih\u00ea xwe girt \u00fb b\u00fb \u015fervanek\u00ee r\u00fbmet\u00ea. Hevr\u00ea Dil\u015f\u00ear, bi \u015fore\u015fa azad\u00ee \u00fb demokrasiya gelan bi azwer\u00ee \u00fb dilsoziyek mezin bawer kir, li hember her cure pa\u015fver\u00fbtiy\u00ea bibiryar sekin\u00ee \u00fb tevl\u00ee karwan\u00ea \u015feh\u00eedan b\u00fb.<\/p>\r\n\r\n\r\n\r\n<p style=\"text-align: left;\">Nasnameya r\u00eaheval\u00ea me y\u00ea \u015feh\u00eed wiha ye:<\/p>\r\n\r\n\r\n\r\n<p style=\"text-align: left;\">Nasnav: Dil\u015f\u00ear Efr\u00een<\/p>\r\n\r\n\r\n\r\n<p style=\"text-align: left;\">Nav \u00fb Pa\u015fnav: Ferhad Nasan<\/p>\r\n\r\n\r\n\r\n<p style=\"text-align: left;\">Nav\u00ea dayik: Zeyneb<\/p>\r\n\r\n\r\n\r\n<p style=\"text-align: left;\">Nav\u00ea bav: Eyub<\/p>\r\n\r\n\r\n\r\n<p style=\"text-align: left;\">Cih \u00fb d\u00eeroka \u015fehadet\u00ea: Her\u00eama Efr\u00een | 05 T\u00eermeh 2021<\/p>\r\n\r\n\r\n\r\n\r\n\r\n<p style=\"text-align: left;\">Em di \u015fexs\u00ea r\u00eaheval Dil\u015f\u00ear de tevah\u00ee \u015feh\u00eed\u00ean xwe y\u00ean leheng bi r\u00eazdar\u00ee bib\u00eer t\u00eenin \u00fb ji malbat\u00ea \u015feh\u00eed\u00ea xwe \u00fb ji gel\u00ea xwe re sersaxiy\u00ea dixwazin.<\/p>\r\n\r\n\r\n\r\n<p style=\"text-align: left;\">H\u00eaz\u00ean Rizgariya Efr\u00een\u00ea<\/p>\r\n\r\n\r\n\r\n<p dir=\"ltr\" style=\"text-align: left;\">07 T\u00eermeh 2021<\/p>\r\n","protected":false},"excerpt":{"rendered":"<p>Em r\u00eaheval Dil\u015f\u00ear Efr\u00een bir\u00eazdar\u00ee bib\u00eer t\u00eenin Ji \u00e7apemen\u00ee \u00fb raya gi\u015ft\u00ee re Li roja 5\u00ea T\u00eermeh\u00ea r\u00eaheval\u00ea me Dil\u015f\u00ear Efr\u00een, li her\u00eama Efr\u00een\u00ea dema li ser erka xwe b\u00fb gihi\u015ft asta \u015fehadet\u00ea. R\u00eaheval Dil\u015f\u00ear li Heleb\u00ea di nav malbatek welatpar\u00eaz de ji dayik b\u00fb. Di t\u00eako\u015f\u00eena me ya li hember qirkirin \u00fb dagirkeriy\u00ea de &hellip;<\/p>\n","protected":false},"author":1,"featured_media":2270,"comment_status":"open","ping_status":"open","sticky":false,"template":"","format":"standard","meta":{"_jetpack_memberships_contains_paid_content":false,"footnotes":""},"categories":[26],"tags":[],"class_list":["post-2271","post","type-post","status-publish","format-standard","has-post-thumbnail","hentry","category-26"],"jetpack_featured_media_url":"https:\/\/hre-official.com\/wp-content\/uploads\/2023\/05\/IMG_20230527_001147_033.jpg","jetpack_sharing_enabled":true,"_links":{"self":[{"href":"https:\/\/hre-official.com\/index.php?rest_route=\/wp\/v2\/posts\/2271","targetHints":{"allow":["GET"]}}],"collection":[{"href":"https:\/\/hre-official.com\/index.php?rest_route=\/wp\/v2\/posts"}],"about":[{"href":"https:\/\/hre-official.com\/index.php?rest_route=\/wp\/v2\/types\/post"}],"author":[{"embeddable":true,"href":"https:\/\/hre-official.com\/index.php?rest_route=\/wp\/v2\/users\/1"}],"replies":[{"embeddable":true,"href":"https:\/\/hre-official.com\/index.php?rest_route=%2Fwp%2Fv2%2Fcomments&post=2271"}],"version-history":[{"count":0,"href":"https:\/\/hre-official.com\/index.php?rest_route=\/wp\/v2\/posts\/2271\/revisions"}],"wp:featuredmedia":[{"embeddable":true,"href":"https:\/\/hre-official.com\/index.php?rest_route=\/wp\/v2\/media\/2270"}],"wp:attachment":[{"href":"https:\/\/hre-official.com\/index.php?rest_route=%2Fwp%2Fv2%2Fmedia&parent=2271"}],"wp:term":[{"taxonomy":"category","embeddable":true,"href":"https:\/\/hre-official.com\/index.php?rest_route=%2Fwp%2Fv2%2Fcategories&post=2271"},{"taxonomy":"post_tag","embeddable":true,"href":"https:\/\/hre-official.com\/index.php?rest_route=%2Fwp%2Fv2%2Ftags&post=2271"}],"curies":[{"name":"wp","href":"https:\/\/api.w.org\/{rel}","templated":true}]}}