{"id":2268,"date":"2021-07-05T02:40:47","date_gmt":"2021-07-05T02:40:47","guid":{"rendered":"https:\/\/hre-official.com\/?p=2268"},"modified":"2023-05-29T15:44:06","modified_gmt":"2023-05-29T15:44:06","slug":"%d9%86%d8%aa%d8%a7%d8%a6%d8%ac-%d9%85%d9%82%d8%a7%d9%88%d9%85%d8%a9-%d9%82%d9%88%d8%a7%d8%aa-%d8%aa%d8%ad%d8%b1%d9%8a%d8%b1-%d8%b9%d9%81%d8%b1%d9%8a%d9%86-%d9%81%d9%8a-%d8%a7%d9%84%d8%a3%d8%b4%d9%87","status":"publish","type":"post","link":"https:\/\/hre-official.com\/?p=2268","title":{"rendered":"\u0646\u062a\u0627\u0626\u062c \u0645\u0642\u0627\u0648\u0645\u0629 \u0642\u0648\u0627\u062a \u062a\u062d\u0631\u064a\u0631 \u0639\u0641\u0631\u064a\u0646 \u0641\u064a \u0627\u0644\u0623\u0634\u0647\u0631 \u0627\u0644\u0633\u062a\u0629 \u0627\u0644\u0623\u0648\u0644\u0649 \u0645\u0646 \u0639\u0627\u0645 2021<br>"},"content":{"rendered":"\r\n<p dir=\"ltr\">Encam\u00ean berxwedana 6 meh\u00ean desp\u00eak\u00ea ya sala 2021an a H\u00eaz\u00ean Rizgariya Efr\u00een\u00ea<br \/><br \/>\u00a0<br \/><br \/>Dewleta Tirk a dagirker pi\u015ft\u00ea dagirkirina Efr\u00een\u00ea, li hember\u00ee gel\u00ea me her c\u00fbre p\u00eakan\u00een\u00ean dermirovah\u00ee dide me\u015fandin. Li ser demografya \u00fb xwezaya Efr\u00een\u00ea pol\u00eetikay\u00ean qir\u00eaj dime\u015f\u00eene.\u00a0 Her roj bi topbaran\u00ean dijwar gel\u00ea her\u00eam\u00ea \u00fb xwezaya her\u00eam\u00ea t\u00ea hedef girtin. Li hember p\u00eakan\u00een\u00ean dermirovah\u00ee ya dewleta Tirk a dagirker ku li ser gel\u00ea me y\u00ea her\u00eam\u00ea dime\u015f\u00eene, \u00e7alak\u00ee \u00fb berxwedana h\u00eaz\u00ean me bi awayek xurttir berdewam dike. Di 6 meh\u00ean deskp\u00eak\u00ea ya sala 2021 an de li hember dagirkeran \u00e7alakiy\u00ean bi bandor hatin li dar xistin \u00fb di wan \u00e7alakiyan de derb\u00ean giran li dagirkeran hat xistin. <br \/><br \/>\u00a0<br \/><br \/>H\u00eaz\u00ean me di 6 meh\u00ean desp\u00eak\u00ea ya sala 2021an de li hember art\u00ea\u015fa dagirker \u00fb kom\u00ean \u00e7ete, bi gi\u015ft\u00ee 67 \u00e7alak\u00ee li dar xistin. Di van \u00e7alakiyan de; 1 ji wan serle\u015fker, 31 le\u015fker hatin ku\u015ftin, 27 le\u015fker hatin br\u00eendar kirin. 2 endam\u00ean M\u0130T\u00ea hatin ku\u015ftin, 2 endam\u00ean M\u0130T\u00ea j\u00ee hatin brindar kirin. Herwiha personelek art\u00ea\u015fa Tirk a dagirker hat ku\u015ftin. 2 ji wan ser\u00e7ete bi gi\u015ft\u00ee 79 \u00e7ete hatin ku\u015ftin, 83 \u00e7ete j\u00ee hatin br\u00eendar kirin. <br \/><br \/>\u00a0<br \/><br \/>Di wan \u00e7alakiyan de; 19 seyarey\u00ean le\u015fker\u00ee, 1 seyareya kar, 2 motor, 2 seyareya zirx\u00ee bi cureya k\u00eerp\u00ee, 4 do\u00e7ka tev seyarey\u00ean wan, 1 d\u00fbrb\u00eena termal, 1 d\u00fbrb\u00eena roj, 1 b\u00eat\u00eal hatin ruxandin. Herwiha kargehek gir\u00eaday\u00ee \u00e7eteyan \u00fb 4 baregeh\u00ean \u00e7eteyan j\u00ee hatin r\u00fbxandin. 2 seyare hatin derbkirin.<br \/><br \/>\u00a0<br \/><br \/>Di wan \u00e7alakiyan de bi gi\u015ft\u00ee; 1 BKC, 3 AK-47, 1 d\u00fbrb\u00eena \u015fev\u00ea, 1 b\u00eat\u00eal \u00fb 3 telefon hatin desteserkirin. <br \/><br \/>\u00a0<br \/><br \/>Art\u00ea\u015fa dagirker ji desp\u00eaka sala 2021an heya niha bi sedan caran her\u00eam\u00ea topbaran kir. Di wan topbaranan de 4 ji wan zarok 8 welat\u00ee \u015fehid ketin \u00fb 11 welat\u00ee j\u00ee br\u00eendar b\u00fbn. Herwiha \u00e7etey\u00ean dagirker 3 caran \u00eari\u015f\u00ea bejah\u00ee lidarxistin. <br \/><br \/>\u00a0<br \/><br \/>Di \u00eari\u015f\u00ean art\u00ea\u015fa dagirker \u00fb kom\u00ean \u00e7ete de 5 r\u00eaheval\u00ean me gihi\u015ftin \u015fehadet\u00ea.<br \/><br \/>\u00a0<br \/><br \/>H\u00eaz\u00ean Rizgariya Efr\u00een\u00ea<br \/><br \/>05 T\u00eermeh 2021<br \/><br \/><\/p>\r\n","protected":false},"excerpt":{"rendered":"<p>Encam\u00ean berxwedana 6 meh\u00ean desp\u00eak\u00ea ya sala 2021an a H\u00eaz\u00ean Rizgariya Efr\u00een\u00ea\u00a0Dewleta Tirk a dagirker pi\u015ft\u00ea dagirkirina Efr\u00een\u00ea, li hember\u00ee gel\u00ea me her c\u00fbre p\u00eakan\u00een\u00ean dermirovah\u00ee dide me\u015fandin. Li ser demografya \u00fb xwezaya Efr\u00een\u00ea pol\u00eetikay\u00ean qir\u00eaj dime\u015f\u00eene.\u00a0 Her roj bi topbaran\u00ean dijwar gel\u00ea her\u00eam\u00ea \u00fb xwezaya her\u00eam\u00ea t\u00ea hedef girtin. Li hember p\u00eakan\u00een\u00ean dermirovah\u00ee ya &hellip;<\/p>\n","protected":false},"author":1,"featured_media":2267,"comment_status":"open","ping_status":"open","sticky":false,"template":"","format":"standard","meta":{"_jetpack_memberships_contains_paid_content":false,"footnotes":""},"categories":[24],"tags":[],"class_list":["post-2268","post","type-post","status-publish","format-standard","has-post-thumbnail","hentry","category-24"],"jetpack_featured_media_url":"https:\/\/hre-official.com\/wp-content\/uploads\/2023\/05\/FB_IMG_1678659778357-1.jpg","jetpack_sharing_enabled":true,"_links":{"self":[{"href":"https:\/\/hre-official.com\/index.php?rest_route=\/wp\/v2\/posts\/2268","targetHints":{"allow":["GET"]}}],"collection":[{"href":"https:\/\/hre-official.com\/index.php?rest_route=\/wp\/v2\/posts"}],"about":[{"href":"https:\/\/hre-official.com\/index.php?rest_route=\/wp\/v2\/types\/post"}],"author":[{"embeddable":true,"href":"https:\/\/hre-official.com\/index.php?rest_route=\/wp\/v2\/users\/1"}],"replies":[{"embeddable":true,"href":"https:\/\/hre-official.com\/index.php?rest_route=%2Fwp%2Fv2%2Fcomments&post=2268"}],"version-history":[{"count":0,"href":"https:\/\/hre-official.com\/index.php?rest_route=\/wp\/v2\/posts\/2268\/revisions"}],"wp:featuredmedia":[{"embeddable":true,"href":"https:\/\/hre-official.com\/index.php?rest_route=\/wp\/v2\/media\/2267"}],"wp:attachment":[{"href":"https:\/\/hre-official.com\/index.php?rest_route=%2Fwp%2Fv2%2Fmedia&parent=2268"}],"wp:term":[{"taxonomy":"category","embeddable":true,"href":"https:\/\/hre-official.com\/index.php?rest_route=%2Fwp%2Fv2%2Fcategories&post=2268"},{"taxonomy":"post_tag","embeddable":true,"href":"https:\/\/hre-official.com\/index.php?rest_route=%2Fwp%2Fv2%2Ftags&post=2268"}],"curies":[{"name":"wp","href":"https:\/\/api.w.org\/{rel}","templated":true}]}}