{"id":2265,"date":"2021-07-02T06:20:11","date_gmt":"2021-07-02T06:20:11","guid":{"rendered":"https:\/\/hre-official.com\/?p=2265"},"modified":"2023-05-29T15:47:45","modified_gmt":"2023-05-29T15:47:45","slug":"%d8%aa%d9%86%d9%81%d9%8a%d8%b0-%d8%b3%d9%84%d8%b3%d9%84%d8%a9-%d8%a5%d8%ac%d8%b1%d8%a7%d8%a1%d8%a7%d8%aa-%d9%81%d8%a7%d8%b9%d9%84%d8%a9-%d8%b6%d8%af-%d8%ac%d9%8a%d8%b4-%d8%a7%d9%84%d8%a7%d8%ad%d8%aa","status":"publish","type":"post","link":"https:\/\/hre-official.com\/?p=2265","title":{"rendered":"\u062a\u0646\u0641\u064a\u0630 \u0633\u0644\u0633\u0644\u0629 \u0625\u062c\u0631\u0627\u0621\u0627\u062a \u0641\u0627\u0639\u0644\u0629 \u0636\u062f \u062c\u064a\u0634 \u0627\u0644\u0627\u062d\u062a\u0644\u0627\u0644 \u0627\u0644\u062a\u0631\u0643\u064a \u0648\u0645\u0631\u062a\u0632\u0642\u062a\u0647."},"content":{"rendered":"\r\n<p dir=\"ltr\">Ji \u00e7apemen\u00ee \u00fb raya gi\u015ft\u00ee re<\/p>\r\n\r\n\r\n\r\n<p dir=\"ltr\">Di navbera roj\u00ean 26 \u00fb 30\u00ea P\u00fb\u015fber\u00ea de, li hember art\u00ea\u015fa Tirk a dagirker \u00fb \u00e7etey\u00ean w\u00ea r\u00eaze\u00e7alakiy\u00ean bibandor hatin li dar xistin. Di v\u00ea \u00e7ar\u00e7ovey\u00ea de;<\/p>\r\n\r\n\r\n\r\n<p dir=\"ltr\">Li roja 26\u00ea P\u00fb\u015fber\u00ea, li bajaroka Mar\u00ea, li hember noxteyek \u00e7etey\u00ean dagirker \u00e7alakiyek sekvan\u00ee hat li dar xistin. Di encama v\u00ea \u00e7alakiy\u00ea de 1 \u00e7ete hat ku\u015ftin. Li heman roj\u00ea, li Efr\u00een\u00ea, li \u00e7erxer\u00eaya Kawa \u00e7alakiyek sabotaj\u00ea hat li dar xistin. Di encama v\u00ea \u00e7alakiy\u00ea de ser\u00e7eteyek j\u00ee di nav de 3 \u00e7ete hatin ku\u015ftin, 4 \u00e7ete j\u00ee br\u00eendar b\u00fbn. Di v\u00ea \u00e7alakiy\u00ea de herwiha 2 seyare hatin r\u00fbxandin.<\/p>\r\n\r\n\r\n\r\n<p dir=\"ltr\">Li roja 27\u00ea P\u00fb\u015fber\u00ea, li gund\u00ea Dabiq\u00ea ya gir\u00eaday\u00ee bajaroka Mar\u00ea, li hember baregehek art\u00ea\u015fa Tirk a dagirker \u00e7alakiyek hat li dar xistin. Di encama v\u00ea \u00e7alakiy\u00ea de h\u00eajmara ku\u015ft\u00ee \u00fb br\u00eendar\u00ean dijmin nehat zelalkirin.<\/p>\r\n\r\n\r\n\r\n<p dir=\"ltr\">Li roja 29\u00ea P\u00fb\u015fber\u00ea, li derdora bajaroka Mar\u00ea, li hember baregehey \u00e7etey\u00ean dagirker r\u00eaze\u00e7alakiy\u00ean sekvan\u00ee hatin li dar xistin. Di encama v\u00ea \u00e7alakiyan de 5 \u00e7ete hatin ku\u015ftin.<\/p>\r\n\r\n\r\n\r\n<p dir=\"ltr\">Li roja 30\u00ea P\u00fb\u015fber\u00ea, li p\u00ea\u015fiya gund\u00ea Kefer Kelb\u00een ya bajaroka Azaz\u00ea, di encama \u00e7alakiyek sekvan\u00ee de 1 \u00e7ete hat ku\u015ftin. Li heman roj\u00ea, li bajaroka Mar\u00ea, di encama \u00e7alakiyek sabotaj\u00ea de seyareyek do\u00e7kabarkir\u00ee hat r\u00fbxandin.<\/p>\r\n\r\n\r\n\r\n<p dir=\"ltr\">Di wan \u00e7alakiyan de bi gi\u015ft\u00ee; 10 \u00e7ete hatin ku\u015ftin, 4 \u00e7ete j\u00ee br\u00eendar b\u00fbn.<\/p>\r\n\r\n\r\n\r\n<p dir=\"ltr\">H\u00eaz\u00ean Rizgariya Efr\u00een\u00ea<\/p>\r\n\r\n\r\n\r\n<p dir=\"ltr\">02 T\u00eermeh 2021<\/p>\r\n","protected":false},"excerpt":{"rendered":"<p>Ji \u00e7apemen\u00ee \u00fb raya gi\u015ft\u00ee re Di navbera roj\u00ean 26 \u00fb 30\u00ea P\u00fb\u015fber\u00ea de, li hember art\u00ea\u015fa Tirk a dagirker \u00fb \u00e7etey\u00ean w\u00ea r\u00eaze\u00e7alakiy\u00ean bibandor hatin li dar xistin. Di v\u00ea \u00e7ar\u00e7ovey\u00ea de; Li roja 26\u00ea P\u00fb\u015fber\u00ea, li bajaroka Mar\u00ea, li hember noxteyek \u00e7etey\u00ean dagirker \u00e7alakiyek sekvan\u00ee hat li dar xistin. Di encama v\u00ea \u00e7alakiy\u00ea &hellip;<\/p>\n","protected":false},"author":1,"featured_media":2264,"comment_status":"open","ping_status":"open","sticky":false,"template":"","format":"standard","meta":{"_jetpack_memberships_contains_paid_content":false,"footnotes":""},"categories":[24],"tags":[],"class_list":["post-2265","post","type-post","status-publish","format-standard","has-post-thumbnail","hentry","category-24"],"jetpack_featured_media_url":"https:\/\/hre-official.com\/wp-content\/uploads\/2023\/05\/FB_IMG_1678659874300-3.jpg","jetpack_sharing_enabled":true,"_links":{"self":[{"href":"https:\/\/hre-official.com\/index.php?rest_route=\/wp\/v2\/posts\/2265","targetHints":{"allow":["GET"]}}],"collection":[{"href":"https:\/\/hre-official.com\/index.php?rest_route=\/wp\/v2\/posts"}],"about":[{"href":"https:\/\/hre-official.com\/index.php?rest_route=\/wp\/v2\/types\/post"}],"author":[{"embeddable":true,"href":"https:\/\/hre-official.com\/index.php?rest_route=\/wp\/v2\/users\/1"}],"replies":[{"embeddable":true,"href":"https:\/\/hre-official.com\/index.php?rest_route=%2Fwp%2Fv2%2Fcomments&post=2265"}],"version-history":[{"count":0,"href":"https:\/\/hre-official.com\/index.php?rest_route=\/wp\/v2\/posts\/2265\/revisions"}],"wp:featuredmedia":[{"embeddable":true,"href":"https:\/\/hre-official.com\/index.php?rest_route=\/wp\/v2\/media\/2264"}],"wp:attachment":[{"href":"https:\/\/hre-official.com\/index.php?rest_route=%2Fwp%2Fv2%2Fmedia&parent=2265"}],"wp:term":[{"taxonomy":"category","embeddable":true,"href":"https:\/\/hre-official.com\/index.php?rest_route=%2Fwp%2Fv2%2Fcategories&post=2265"},{"taxonomy":"post_tag","embeddable":true,"href":"https:\/\/hre-official.com\/index.php?rest_route=%2Fwp%2Fv2%2Ftags&post=2265"}],"curies":[{"name":"wp","href":"https:\/\/api.w.org\/{rel}","templated":true}]}}