{"id":2256,"date":"2021-06-07T14:40:29","date_gmt":"2021-06-07T14:40:29","guid":{"rendered":"https:\/\/hre-official.com\/?p=2256"},"modified":"2023-05-29T15:48:22","modified_gmt":"2023-05-29T15:48:22","slug":"%d9%81%d9%8a-%d8%b9%d9%85%d9%84%d9%8a%d8%a9-%d8%a5%d9%86%d8%aa%d9%82%d8%a7%d9%85%d9%8a%d8%a9-%d9%86%d9%81%d8%b0%d8%aa-%d9%82%d9%88%d8%a7%d8%aa%d9%86%d8%a7-%d8%b9%d9%85%d9%84%d9%8a%d8%a9-%d9%86%d9%88","status":"publish","type":"post","link":"https:\/\/hre-official.com\/?p=2256","title":{"rendered":"\u0641\u064a \u0639\u0645\u0644\u064a\u0629 \u0625\u0646\u062a\u0642\u0627\u0645\u064a\u0629 \u0646\u0641\u0630\u062a \u0642\u0648\u0627\u062a\u0646\u0627 \u0639\u0645\u0644\u064a\u0629 \u0646\u0648\u0639\u064a\u0629 \u0636\u062f \u0623\u062d\u062f \u0645\u0639\u0627\u0642\u0644 \u0645\u0631\u062a\u0632\u0642\u0629 \u0627\u0644\u0627\u062d\u062a\u0644\u0627\u0644 \u0627\u0644\u062a\u0631\u0643\u064a \u0641\u064a \u0642\u0631\u064a\u0629 \u062c\u0648\u0628\u0644\u064a \u0648\u0628\u0627\u0635\u0644\u0629."},"content":{"rendered":"\r\n<p dir=\"ltr\">Ji \u00e7apemen\u00ee \u00fb raya gi\u015ft\u00ee re <br \/>Di navbera roj\u00ean 1-3\u00ea Pu\u015fper\u00ea de, ji aliy\u00ea h\u00eaz\u00ean me \u00e7alakiy\u00ean bibandor ya bersivdayin\u00ea hatin lidar xistin. Di wan \u00e7alakiyan de le\u015fker \u00fb \u00e7etey\u00ean dewleta dagirker hatin hedef girtin, ku ev kom heya niha di Efr\u00eena dagirkir\u00ee de li hember \u015f\u00eaniy\u00ean bajar s\u00fbc\u00ean mirovahiy\u00ea p\u00eak t\u00eenin, hewl didin demografiya her\u00eam\u00ea biguher\u00eenin \u00fb bi her away\u00ee zext \u00fb zor\u00ea li gel\u00ea me dikin. Di v\u00ea \u00e7ar\u00e7ovey\u00ea de; <br \/>Li roja 1\u00ea Pu\u015fper\u00ea; <br \/>Li Mar\u00ea, h\u00eaz\u00ean me li hember noxteyek \u00e7eteyan \u00e7alakiyek bi drone lidarxistin. Di encam\u00ea v\u00ea \u00e7alakiy\u00ea de hejmara ku\u015ft\u00ee \u00fb br\u00eendar\u00ean dijmin nehat zelalkirin. <br \/>Li gund\u00ea Dagliba\u015f\u00ea ya Bab\u00ea, h\u00eaz\u00ean me li hember \u00e7etey\u00ean dagirker \u00e7alakiyek lidarxistin. Di encama v\u00ea \u00e7alakiy\u00ea de 2 \u00e7ete hatin ku\u015ftin. Herwiha do\u00e7kayek tev seyare hat ruxandin. <br \/>Li roja 2\u00ea Pu\u015fper\u00ea; <br \/>Li gund\u00ea Keferxwe\u015f\u00ea ya Ezaz\u00ea, h\u00eaz\u00ean me \u00e7alakiyek li hember \u00e7etey\u00ean dagirker lidarxistin. Di encama v\u00ea \u00e7alakiy\u00ea de hejmara ku\u015ft\u00ee \u00fb br\u00eendar\u00ean dijmin nehat zelalkirin. <br \/>Li heman roj\u00ea di seet\u00ean \u015fev de, di navbera gund\u00ean Gobel\u00ea \u00fb Basil\u00ea ya Efr\u00een\u00ea, h\u00eaz\u00ean me li hember konvoyek art\u00ea\u015fa Tirk a dagirker \u00e7alakiyek sabotaj\u00ea li dar xistin. Di v\u00ea \u00e7alakiy\u00ea de seyareyek zirx\u00ee ya bi cureya k\u00eerp\u00ee hat r\u00fbxandin. Di encama v\u00ea \u00e7alakiy\u00ea de 1 ji wan serle\u015fker, 8 le\u015fker\u00ean dagirker hatin ku\u015ftin, 3 le\u015fker j\u00ee br\u00eendar b\u00fbn. <br \/>Li roja 3\u00ea Pu\u015fper\u00ea; <br \/>Li derdora gund\u00ea Basufan\u00ea, h\u00eaz\u00ean me li hember komek le\u015fker\u00ean dagirker \u00e7alakiyek li dar xistin. Di encama v\u00ea \u00e7alakiy\u00ea de 4 le\u015fker hatin ku\u015ftin, 4 le\u015fker j\u00ee br\u00eendar b\u00fbn. <br \/>Li Efr\u00een\u00ea, li hember kargehek gaz\u00ea ya a\u00eed\u00ea \u00e7eteyan \u00e7alakiyek sabotaj\u00ea hat lidarxistin. Di encama v\u00ea \u00e7alakiy\u00ea de kargeh hat ruxandin. <br \/>Di wan \u00e7alakiy\u00ean 3 rojan de bi gi\u015ft\u00ee 12 le\u015fker \u00fb 2 \u00e7ete hatin ku\u015ftin, 7 le\u015fker j\u00ee br\u00eendar b\u00fbn. <br \/>H\u00eaz\u00ean Rizgariya Efr\u00een\u00ea <br \/>07 Pu\u015fper 2021 <\/p>\r\n\r\n\r\n\r\n<p>\u0634\u0627\u0647\u062f \u0627\u0644\u0641\u064a\u062f\u064a\u0648 \u0639\u0628\u0631 \u0627\u0644\u0631\u0627\u0628\u0637 \u0627\u0644\u062a\u0627\u0644\u064a :<\/p>\r\n\r\n\r\n\r\n<p dir=\"ltr\"><a href=\"https:\/\/t.me\/HRE_official_kurdish\/655\">t.me\/HRE_official_kurdish\/655<\/a><\/p>\r\n","protected":false},"excerpt":{"rendered":"<p>Ji \u00e7apemen\u00ee \u00fb raya gi\u015ft\u00ee re Di navbera roj\u00ean 1-3\u00ea Pu\u015fper\u00ea de, ji aliy\u00ea h\u00eaz\u00ean me \u00e7alakiy\u00ean bibandor ya bersivdayin\u00ea hatin lidar xistin. Di wan \u00e7alakiyan de le\u015fker \u00fb \u00e7etey\u00ean dewleta dagirker hatin hedef girtin, ku ev kom heya niha di Efr\u00eena dagirkir\u00ee de li hember \u015f\u00eaniy\u00ean bajar s\u00fbc\u00ean mirovahiy\u00ea p\u00eak t\u00eenin, hewl didin demografiya &hellip;<\/p>\n","protected":false},"author":1,"featured_media":2255,"comment_status":"open","ping_status":"open","sticky":false,"template":"","format":"standard","meta":{"_jetpack_memberships_contains_paid_content":false,"footnotes":""},"categories":[24,25],"tags":[],"class_list":["post-2256","post","type-post","status-publish","format-standard","has-post-thumbnail","hentry","category-24","category-25"],"jetpack_featured_media_url":"https:\/\/hre-official.com\/wp-content\/uploads\/2023\/05\/Screenshot_2023-05-26-23-51-26-667-edit_org.telegram.messenger.jpg","jetpack_sharing_enabled":true,"_links":{"self":[{"href":"https:\/\/hre-official.com\/index.php?rest_route=\/wp\/v2\/posts\/2256","targetHints":{"allow":["GET"]}}],"collection":[{"href":"https:\/\/hre-official.com\/index.php?rest_route=\/wp\/v2\/posts"}],"about":[{"href":"https:\/\/hre-official.com\/index.php?rest_route=\/wp\/v2\/types\/post"}],"author":[{"embeddable":true,"href":"https:\/\/hre-official.com\/index.php?rest_route=\/wp\/v2\/users\/1"}],"replies":[{"embeddable":true,"href":"https:\/\/hre-official.com\/index.php?rest_route=%2Fwp%2Fv2%2Fcomments&post=2256"}],"version-history":[{"count":0,"href":"https:\/\/hre-official.com\/index.php?rest_route=\/wp\/v2\/posts\/2256\/revisions"}],"wp:featuredmedia":[{"embeddable":true,"href":"https:\/\/hre-official.com\/index.php?rest_route=\/wp\/v2\/media\/2255"}],"wp:attachment":[{"href":"https:\/\/hre-official.com\/index.php?rest_route=%2Fwp%2Fv2%2Fmedia&parent=2256"}],"wp:term":[{"taxonomy":"category","embeddable":true,"href":"https:\/\/hre-official.com\/index.php?rest_route=%2Fwp%2Fv2%2Fcategories&post=2256"},{"taxonomy":"post_tag","embeddable":true,"href":"https:\/\/hre-official.com\/index.php?rest_route=%2Fwp%2Fv2%2Ftags&post=2256"}],"curies":[{"name":"wp","href":"https:\/\/api.w.org\/{rel}","templated":true}]}}