{"id":2253,"date":"2021-06-01T03:30:28","date_gmt":"2021-06-01T03:30:28","guid":{"rendered":"https:\/\/hre-official.com\/?p=2253"},"modified":"2023-05-29T15:49:10","modified_gmt":"2023-05-29T15:49:10","slug":"%d9%82%d9%88%d8%a7%d8%aa%d9%86%d8%a7-%d9%86%d9%81%d8%b0%d8%aa-%d8%b9%d8%af%d8%a9-%d8%b9%d9%85%d9%84%d9%8a%d8%a7%d8%aa-%d8%b9%d8%b3%d9%83%d8%b1%d9%8a%d8%a9-%d8%b6%d8%af-%d9%86%d9%82%d8%a7%d8%b7-%d8%a7","status":"publish","type":"post","link":"https:\/\/hre-official.com\/?p=2253","title":{"rendered":"\u0642\u0648\u0627\u062a\u0646\u0627 \u0646\u0641\u0630\u062a \u0639\u062f\u0629 \u0639\u0645\u0644\u064a\u0627\u062a \u0639\u0633\u0643\u0631\u064a\u0629 \u0636\u062f \u0646\u0642\u0627\u0637 \u0627\u0644\u0627\u062d\u062a\u0644\u0627\u0644 \u0627\u0644\u062a\u0631\u0643\u064a \u0645\u0645\u0627 \u0623\u062f\u0649 \u0645\u0642\u062a\u0644 5  \u0648\u0623\u0635\u064a\u0628 9 \u0628\u062c\u0631\u0648\u062d"},"content":{"rendered":"\r\n<p dir=\"ltr\">Ji \u00e7apemen\u00ee \u00fb raya gi\u015ft\u00ee re<\/p>\r\n\r\n\r\n\r\n<p>&nbsp;<\/p>\r\n\r\n\r\n\r\n<p dir=\"ltr\">Di navbera roj\u00ean 26 \u00fb 31\u00ea Gulan\u00ea de, ji aliy\u00ean h\u00eaz\u00ean me ve, li hember art\u00ea\u015fa Tirk a dagirker \u00fb \u00e7etey\u00ean w\u00ea r\u00eaze\u00e7alakiy\u00ean bibandor hatin lidarxistin. Di v\u00ea \u00e7ar\u00e7ovey\u00ea de;<\/p>\r\n\r\n\r\n\r\n<p>&nbsp;<\/p>\r\n\r\n\r\n\r\n<p dir=\"ltr\">Li roja 26\u00ea Gulan\u00ea, li her\u00eama Efr\u00een\u00ea, li ser r\u00eaya Raco, di encama \u00e7alakiya sabotaj\u00ea de 3 \u00e7ete hatin ku\u015ftin, 7 \u00e7ete j\u00ee br\u00eendar b\u00fbn.<\/p>\r\n\r\n\r\n\r\n<p>&nbsp;<\/p>\r\n\r\n\r\n\r\n<p dir=\"ltr\">Li roja 27\u00ea Gulan\u00ea, li n\u00eaz\u00ea gund\u00ea Berad\u00ea ya nav\u00e7eya \u015e\u00earawa, di encama \u00e7alakiya sekvan\u00ee de 1 \u00e7ete hat ku\u015ftin.<\/p>\r\n\r\n\r\n\r\n<p>&nbsp;<\/p>\r\n\r\n\r\n\r\n<p dir=\"ltr\">Li roja 30\u00ea Gulan\u00ea, li gund\u00ea Til Malid ya bajaroka Mar\u00ea, di encama \u00e7alakiyek taybet de 1 \u00e7ete hat ku\u015ftin, 2 \u00e7ete br\u00eendar b\u00fbn. Di v\u00ea \u00e7alakiy\u00ea de herwiha do\u00e7kayek tev\u00ee p\u00eekaba xwe hat ruxandin.<\/p>\r\n\r\n\r\n\r\n<p>&nbsp;<\/p>\r\n\r\n\r\n\r\n<p dir=\"ltr\">Li roja 31\u00ea Gulan\u00ea, li gund\u00ea Til Malid ya bajaroka Mar\u00ea, h\u00eaz\u00ean me \u00e7alakiyek din lidar xistin. Encama v\u00ea \u00e7alakiy\u00ea nehat zelalkirin. Li heman roj\u00ea, li p\u00ea\u015fiya bajaroka Mar\u00ea, li hember \u00e7etey\u00ean dagirker \u00e7alakiyek din hat lidarxistin. Encama v\u00ea \u00e7alakiy\u00ea j\u00ee nehat zelal kirin. Li heman roj\u00ea, li gund\u00ea Qitma ya nav\u00e7eya \u015eera, li hember \u00e7etey\u00ean dagirker \u00e7alakiyek sabotaj\u00ea hat lidarxistin. Di v\u00ea \u00e7alakiy\u00ea de hejmara ku\u015ft\u00ee \u00fb br\u00eendar\u00ean dijmin nehat zelalkirin.<\/p>\r\n\r\n\r\n\r\n<p>&nbsp;<\/p>\r\n\r\n\r\n\r\n<p dir=\"ltr\">Bi gi\u015ft\u00ee di wan \u00e7alakiyan de; qas\u00ee ku hat zelal kirin 5 \u00e7ete hatin ku\u015ftin, 9 \u00e7ete j\u00ee br\u00eendar b\u00fbn.<\/p>\r\n\r\n\r\n\r\n<p>&nbsp;<\/p>\r\n\r\n\r\n\r\n<p dir=\"ltr\">H\u00eaz\u00ean Rizgariya Efr\u00een\u00ea<\/p>\r\n\r\n\r\n\r\n<p dir=\"ltr\">01 Pu\u015fper 2021<\/p>\r\n","protected":false},"excerpt":{"rendered":"<p>Ji \u00e7apemen\u00ee \u00fb raya gi\u015ft\u00ee re &nbsp; Di navbera roj\u00ean 26 \u00fb 31\u00ea Gulan\u00ea de, ji aliy\u00ean h\u00eaz\u00ean me ve, li hember art\u00ea\u015fa Tirk a dagirker \u00fb \u00e7etey\u00ean w\u00ea r\u00eaze\u00e7alakiy\u00ean bibandor hatin lidarxistin. Di v\u00ea \u00e7ar\u00e7ovey\u00ea de; &nbsp; Li roja 26\u00ea Gulan\u00ea, li her\u00eama Efr\u00een\u00ea, li ser r\u00eaya Raco, di encama \u00e7alakiya sabotaj\u00ea de 3 &hellip;<\/p>\n","protected":false},"author":1,"featured_media":2252,"comment_status":"open","ping_status":"open","sticky":false,"template":"","format":"standard","meta":{"_jetpack_memberships_contains_paid_content":false,"footnotes":""},"categories":[24],"tags":[],"class_list":["post-2253","post","type-post","status-publish","format-standard","has-post-thumbnail","hentry","category-24"],"jetpack_featured_media_url":"https:\/\/hre-official.com\/wp-content\/uploads\/2023\/05\/FB_IMG_1678659862741.jpg","jetpack_sharing_enabled":true,"_links":{"self":[{"href":"https:\/\/hre-official.com\/index.php?rest_route=\/wp\/v2\/posts\/2253","targetHints":{"allow":["GET"]}}],"collection":[{"href":"https:\/\/hre-official.com\/index.php?rest_route=\/wp\/v2\/posts"}],"about":[{"href":"https:\/\/hre-official.com\/index.php?rest_route=\/wp\/v2\/types\/post"}],"author":[{"embeddable":true,"href":"https:\/\/hre-official.com\/index.php?rest_route=\/wp\/v2\/users\/1"}],"replies":[{"embeddable":true,"href":"https:\/\/hre-official.com\/index.php?rest_route=%2Fwp%2Fv2%2Fcomments&post=2253"}],"version-history":[{"count":0,"href":"https:\/\/hre-official.com\/index.php?rest_route=\/wp\/v2\/posts\/2253\/revisions"}],"wp:featuredmedia":[{"embeddable":true,"href":"https:\/\/hre-official.com\/index.php?rest_route=\/wp\/v2\/media\/2252"}],"wp:attachment":[{"href":"https:\/\/hre-official.com\/index.php?rest_route=%2Fwp%2Fv2%2Fmedia&parent=2253"}],"wp:term":[{"taxonomy":"category","embeddable":true,"href":"https:\/\/hre-official.com\/index.php?rest_route=%2Fwp%2Fv2%2Fcategories&post=2253"},{"taxonomy":"post_tag","embeddable":true,"href":"https:\/\/hre-official.com\/index.php?rest_route=%2Fwp%2Fv2%2Ftags&post=2253"}],"curies":[{"name":"wp","href":"https:\/\/api.w.org\/{rel}","templated":true}]}}