{"id":2250,"date":"2021-05-28T04:21:43","date_gmt":"2021-05-28T04:21:43","guid":{"rendered":"https:\/\/hre-official.com\/?p=2250"},"modified":"2023-05-29T15:27:19","modified_gmt":"2023-05-29T15:27:19","slug":"%d8%a7%d8%b3%d8%aa%d8%b4%d9%87%d8%a7%d8%af-%d8%a7%d8%ad%d8%af-%d8%b1%d9%81%d8%a7%d9%82%d9%86%d8%a7-%d8%a7%d9%84%d8%b4%d9%87%d9%8a%d8%af-%d8%b4%d9%8a%d8%b1%d9%81%d8%a7%d9%86-%d8%af%d9%8a%d8%ba%d9%88","status":"publish","type":"post","link":"https:\/\/hre-official.com\/?p=2250","title":{"rendered":"\u0627\u0633\u062a\u0634\u0647\u0627\u062f \u0627\u062d\u062f \u0631\u0641\u0627\u0642\u0646\u0627 \u0627\u0644\u0634\u0647\u064a\u062f \u0634\u064a\u0631\u0641\u0627\u0646 \u062f\u064a\u063a\u0648\u0631"},"content":{"rendered":"<p><strong><\/strong><\/p>\r\n<p dir=\"ltr\" style=\"text-align: left;\">Em r\u00eaheval\u00ean xwe \u015eervan D\u00eegor \u00fb Mazlum N\u00earebiy\u00ea bi r\u00eazdar\u00ee bib\u00eer t\u00eenin<br \/><br \/>Ji \u00e7apemen\u00ee \u00fb raya gi\u015ft\u00ee re!<br \/><br \/>Li roja 26\u00ea Gulan\u00ea li gund\u00ea Merenaz\u00ea ya gir\u00eaday\u00ee nav\u00e7eya \u015eera, di encama \u00eari\u015f\u00ean dijmin de du r\u00eaheval\u00ean me gihi\u015ftin asta \u015fehadet\u00ea.<\/p>\r\n\r\n\r\n\r\n<p dir=\"ltr\" style=\"text-align: left;\">R\u00eaheval\u00ean me \u015eervan \u00fb Mazlum,\u00a0 ji roja ku tevl\u00ee ref\u00ean me b\u00fbn heta k\u00ealiya daw\u00ee, li hember\u00ee dagirkeran bi rihek feday\u00ee t\u00eako\u015f\u00een kirin \u00fb bi fedakariyek mezin erk \u00fb berpirsiyar\u00ean xwe bi c\u00eeh an\u00een. Ti car dagirkeriy\u00ea \u00fb zext \u00fb zordariy\u00ean ku li ser gel\u00ea me t\u00ea me\u015fandin qebul nekirin \u00fb li hember\u00ea v\u00ea yek\u00ea di \u00e7epera p\u00ea\u015f de teko\u015f\u00een dan me\u015fandin. Em wek H\u00eaz\u00ean Rizgariya Efr\u00een\u00ea (HRE) destn\u00ee\u015fan dikin ku em\u00ea tola \u015feh\u00eed\u00ean xwe rakin \u00fb hesab\u00ea ji dagirkeran bipirsin. Em di \u015fexs\u00ea r\u00eaheval \u015eervan \u00fb r\u00eaheval Mazlum de tevah\u00ee \u015feh\u00eed\u00ean xwe bi r\u00eazdar\u00ee bib\u00eer t\u00eenin, ji malbat\u00ean \u015feh\u00eed\u00ean xwe \u00fb ji gel\u00ea xwe re sersaxiy\u00ea dixwazin.<br \/><br \/><br \/>Nasnamey\u00ean r\u00eaheval\u00ean me y\u00ean \u015feh\u00eed wiha ne;<br \/><br \/>Nasnav: Mazlum N\u00earebiy\u00ea<\/p>\r\n\r\n\r\n\r\n<p dir=\"ltr\" style=\"text-align: left;\">Nav \u00fb Pa\u015fnav: Xalid Elwawa<\/p>\r\n\r\n\r\n\r\n<p dir=\"ltr\" style=\"text-align: left;\">Nav\u00ea Dayik\u00ea: Ayde<\/p>\r\n\r\n\r\n\r\n<p dir=\"ltr\" style=\"text-align: left;\">Nav\u00ea Bav: Yasir<\/p>\r\n\r\n\r\n\r\n<p dir=\"ltr\" style=\"text-align: left;\">Cih \u00fb D\u00eeroka \u015eehadet\u00ea: Gund\u00ea Merenaz\u00ea &#8211; \u015eera \/ 26 Gulan 2021<br \/><br \/><\/p>\r\n\r\n\r\n\r\n<p dir=\"ltr\" style=\"text-align: left;\">Nasnav: \u015eervan D\u00eegor<\/p>\r\n\r\n\r\n\r\n<p dir=\"ltr\" style=\"text-align: left;\">Nav \u00fb Pa\u015fnav: Yusif Bek\u00eer<\/p>\r\n\r\n\r\n\r\n<p dir=\"ltr\" style=\"text-align: left;\">Nav\u00ea Dayik\u00ea: L\u00eena<\/p>\r\n\r\n\r\n\r\n<p dir=\"ltr\" style=\"text-align: left;\">Nav\u00ea Bav: Mihemed<\/p>\r\n\r\n\r\n\r\n<p dir=\"ltr\" style=\"text-align: left;\">Cih \u00fb D\u00eeroka \u015eehadet\u00ea: Gund\u00ea Merenaz\u00ea &#8211; \u015eera \/ 26 Gulan 2021<\/p>\r\n\r\n\r\n\r\n<p dir=\"ltr\" style=\"text-align: left;\">\u00a0<\/p>\r\n\r\n\r\n\r\n<p dir=\"ltr\" style=\"text-align: left;\">H\u00eaz\u00ean Rizgariya Efr\u00een\u00ea | 28 Gulan 2021<br \/><br \/><br \/><\/p>\r\n<p><strong><\/strong><\/p>","protected":false},"excerpt":{"rendered":"<p>Em r\u00eaheval\u00ean xwe \u015eervan D\u00eegor \u00fb Mazlum N\u00earebiy\u00ea bi r\u00eazdar\u00ee bib\u00eer t\u00eeninJi \u00e7apemen\u00ee \u00fb raya gi\u015ft\u00ee re!Li roja 26\u00ea Gulan\u00ea li gund\u00ea Merenaz\u00ea ya gir\u00eaday\u00ee nav\u00e7eya \u015eera, di encama \u00eari\u015f\u00ean dijmin de du r\u00eaheval\u00ean me gihi\u015ftin asta \u015fehadet\u00ea. R\u00eaheval\u00ean me \u015eervan \u00fb Mazlum,\u00a0 ji roja ku tevl\u00ee ref\u00ean me b\u00fbn heta k\u00ealiya daw\u00ee, li hember\u00ee &hellip;<\/p>\n","protected":false},"author":1,"featured_media":2249,"comment_status":"open","ping_status":"open","sticky":false,"template":"","format":"standard","meta":{"_jetpack_memberships_contains_paid_content":false,"footnotes":""},"categories":[26],"tags":[],"class_list":["post-2250","post","type-post","status-publish","format-standard","has-post-thumbnail","hentry","category-26"],"jetpack_featured_media_url":"https:\/\/hre-official.com\/wp-content\/uploads\/2023\/05\/IMG_20230526_002606_841.jpg","jetpack_sharing_enabled":true,"_links":{"self":[{"href":"https:\/\/hre-official.com\/index.php?rest_route=\/wp\/v2\/posts\/2250","targetHints":{"allow":["GET"]}}],"collection":[{"href":"https:\/\/hre-official.com\/index.php?rest_route=\/wp\/v2\/posts"}],"about":[{"href":"https:\/\/hre-official.com\/index.php?rest_route=\/wp\/v2\/types\/post"}],"author":[{"embeddable":true,"href":"https:\/\/hre-official.com\/index.php?rest_route=\/wp\/v2\/users\/1"}],"replies":[{"embeddable":true,"href":"https:\/\/hre-official.com\/index.php?rest_route=%2Fwp%2Fv2%2Fcomments&post=2250"}],"version-history":[{"count":0,"href":"https:\/\/hre-official.com\/index.php?rest_route=\/wp\/v2\/posts\/2250\/revisions"}],"wp:featuredmedia":[{"embeddable":true,"href":"https:\/\/hre-official.com\/index.php?rest_route=\/wp\/v2\/media\/2249"}],"wp:attachment":[{"href":"https:\/\/hre-official.com\/index.php?rest_route=%2Fwp%2Fv2%2Fmedia&parent=2250"}],"wp:term":[{"taxonomy":"category","embeddable":true,"href":"https:\/\/hre-official.com\/index.php?rest_route=%2Fwp%2Fv2%2Fcategories&post=2250"},{"taxonomy":"post_tag","embeddable":true,"href":"https:\/\/hre-official.com\/index.php?rest_route=%2Fwp%2Fv2%2Ftags&post=2250"}],"curies":[{"name":"wp","href":"https:\/\/api.w.org\/{rel}","templated":true}]}}