{"id":2244,"date":"2021-05-25T04:35:41","date_gmt":"2021-05-25T04:35:41","guid":{"rendered":"https:\/\/hre-official.com\/?p=2244"},"modified":"2023-05-29T15:49:15","modified_gmt":"2023-05-29T15:49:15","slug":"%d9%85%d9%82%d8%aa%d9%84-%d8%a5%d8%ab%d9%86%d9%8a%d9%86-%d9%85%d9%86-%d9%85%d8%b1%d8%aa%d8%b2%d9%82%d8%a9-%d8%a7%d9%84%d8%a7%d8%ad%d8%aa%d9%84%d8%a7%d9%84-%d8%a7%d9%84%d8%aa%d8%b1%d9%83%d9%8a-%d9%81-2","status":"publish","type":"post","link":"https:\/\/hre-official.com\/?p=2244","title":{"rendered":"\u0645\u0642\u062a\u0644 \u0625\u062b\u0646\u064a\u0646 \u0645\u0646 \u0645\u0631\u062a\u0632\u0642\u0629 \u0627\u0644\u0627\u062d\u062a\u0644\u0627\u0644 \u0627\u0644\u062a\u0631\u0643\u064a \u0641\u064a \u0642\u0631\u064a\u0629 \u0647\u064a\u062c\u0643\u0629 \u0627\u0644\u062a\u0627\u0628\u0639\u0629 \u0644\u0646\u0627\u062d\u064a\u0629 \u0631\u0627\u062c\u0648 \u0628\u0631\u064a\u0641 \u0645\u062f\u064a\u0646\u0629 \u0639\u0641\u0631\u064a\u0646 \u0627\u0644\u0645\u062d\u062a\u0644\u0629"},"content":{"rendered":"\r\n<p dir=\"ltr\">Ji \u00e7apemen\u00ee \u00fb raya gi\u015ft\u00ee re <br \/>Di navbera roj\u00ean 17 \u00fb 24\u00ea Gulan\u00ea de, ji aliy\u00ea h\u00eaz\u00ean me ve li hember dewleta Tirk a dagirker \u00fb \u00e7etey\u00ean w\u00ea r\u00eaze\u00e7alakiy\u00ean bibandor hatin lidarxistin. <br \/>Li roja 17\u00ea Gulan\u00ea, li gund\u00ea Hecika ya nav\u00e7eya Raco, di encama \u00e7alakiyek sabotaj\u00ea de 2 \u00e7ete hatin ku\u015ftin, 2 \u00e7ete j\u00ee br\u00eendar b\u00fbn. Herwiha seyareyek hat derbkirin. <br \/>Li roja 18\u00ea Gulan\u00ea, li taxa E\u015frefiy\u00ea ya bajar\u00ea Efr\u00een\u00ea, di encama \u00e7alakiyek sekvan\u00ee de, \u00e7eteyek br\u00eendar b\u00fb. <br \/>Li roja 19\u00ea Gulan\u00ea, li Cerabl\u00fbs\u00ea, li hember dagirkeran \u00e7alakiyek sabotaj\u00ea hat lidarxistin. Di v\u00ea \u00e7alakiy\u00ea de h\u00eajmara ku\u015ft\u00ee \u00fb br\u00eendar\u00ean dijmin nehat zelalkirin. <br \/>Li roja 24\u00ea Gulan\u00ea, li n\u00eaz\u00ee gund\u00ea Kefirxwe\u015f\u00ea ya Ezaz\u00ea, di encama \u00e7alakiya sekvan\u00ee de 2 \u00e7ete hatin ku\u015ftin. Li heman roj\u00ea, li gund\u00ea Kil Cibr\u00een ya Ezaz\u00ea li hember kaideyek dagirkeran \u00e7alakiyek bi dron\u00ea hat lidarxistin. Di encama v\u00ea \u00e7alakiy\u00ea de 1 le\u015fker hat ku\u015ftin, 2 le\u015fker j\u00ee br\u00eendar b\u00fbn. <br \/>Di wan \u00e7alakiyan de bi gi\u015ft\u00ee 4 \u00e7ete \u00fb 1 le\u015fker hatin ku\u015ftin, 3 \u00e7ete \u00fb 2 le\u015fker j\u00ee br\u00eendar b\u00fbn. <br \/>H\u00eaz\u00ean Rizgariya Efr\u00een\u00ea <br \/>25 Gulan 2021 <\/p>\r\n","protected":false},"excerpt":{"rendered":"<p>Ji \u00e7apemen\u00ee \u00fb raya gi\u015ft\u00ee re Di navbera roj\u00ean 17 \u00fb 24\u00ea Gulan\u00ea de, ji aliy\u00ea h\u00eaz\u00ean me ve li hember dewleta Tirk a dagirker \u00fb \u00e7etey\u00ean w\u00ea r\u00eaze\u00e7alakiy\u00ean bibandor hatin lidarxistin. Li roja 17\u00ea Gulan\u00ea, li gund\u00ea Hecika ya nav\u00e7eya Raco, di encama \u00e7alakiyek sabotaj\u00ea de 2 \u00e7ete hatin ku\u015ftin, 2 \u00e7ete j\u00ee br\u00eendar &hellip;<\/p>\n","protected":false},"author":1,"featured_media":2243,"comment_status":"open","ping_status":"open","sticky":false,"template":"","format":"standard","meta":{"_jetpack_memberships_contains_paid_content":false,"footnotes":""},"categories":[24],"tags":[],"class_list":["post-2244","post","type-post","status-publish","format-standard","has-post-thumbnail","hentry","category-24"],"jetpack_featured_media_url":"https:\/\/hre-official.com\/wp-content\/uploads\/2023\/05\/IMG_20230526_002027_221-1.jpg","jetpack_sharing_enabled":true,"_links":{"self":[{"href":"https:\/\/hre-official.com\/index.php?rest_route=\/wp\/v2\/posts\/2244","targetHints":{"allow":["GET"]}}],"collection":[{"href":"https:\/\/hre-official.com\/index.php?rest_route=\/wp\/v2\/posts"}],"about":[{"href":"https:\/\/hre-official.com\/index.php?rest_route=\/wp\/v2\/types\/post"}],"author":[{"embeddable":true,"href":"https:\/\/hre-official.com\/index.php?rest_route=\/wp\/v2\/users\/1"}],"replies":[{"embeddable":true,"href":"https:\/\/hre-official.com\/index.php?rest_route=%2Fwp%2Fv2%2Fcomments&post=2244"}],"version-history":[{"count":0,"href":"https:\/\/hre-official.com\/index.php?rest_route=\/wp\/v2\/posts\/2244\/revisions"}],"wp:featuredmedia":[{"embeddable":true,"href":"https:\/\/hre-official.com\/index.php?rest_route=\/wp\/v2\/media\/2243"}],"wp:attachment":[{"href":"https:\/\/hre-official.com\/index.php?rest_route=%2Fwp%2Fv2%2Fmedia&parent=2244"}],"wp:term":[{"taxonomy":"category","embeddable":true,"href":"https:\/\/hre-official.com\/index.php?rest_route=%2Fwp%2Fv2%2Fcategories&post=2244"},{"taxonomy":"post_tag","embeddable":true,"href":"https:\/\/hre-official.com\/index.php?rest_route=%2Fwp%2Fv2%2Ftags&post=2244"}],"curies":[{"name":"wp","href":"https:\/\/api.w.org\/{rel}","templated":true}]}}