{"id":2241,"date":"2021-05-19T22:30:38","date_gmt":"2021-05-19T22:30:38","guid":{"rendered":"https:\/\/hre-official.com\/?p=2241"},"modified":"2023-05-29T15:49:23","modified_gmt":"2023-05-29T15:49:23","slug":"%d9%81%d9%8a-%d8%b9%d9%85%d9%84%d9%8a%d8%a9-%d9%84%d9%8a%d9%84%d9%8a%d8%a9-%d9%86%d9%81%d8%b0%d8%aa-%d9%82%d9%88%d8%a7%d8%aa%d9%86%d8%a7-%d8%ba%d8%a7%d8%b1%d8%a9-%d9%88%d8%a7%d8%b3%d8%b9%d8%a9-%d9%84","status":"publish","type":"post","link":"https:\/\/hre-official.com\/?p=2241","title":{"rendered":"\u0641\u064a \u0639\u0645\u0644\u064a\u0629 \u0644\u064a\u0644\u064a\u0629 \u0646\u0641\u0630\u062a \u0642\u0648\u0627\u062a\u0646\u0627 \u063a\u0627\u0631\u0629 \u0648\u0627\u0633\u0639\u0629 \u0644\u0646\u0642\u0627\u0637 \u0645\u0631\u062a\u0632\u0642\u0629 \u0627\u0644\u0627\u062d\u062a\u0644\u0627\u0644 \u0627\u0644\u062a\u0631\u0643\u064a"},"content":{"rendered":"\r\n<p dir=\"ltr\">Ji \u00e7apemen\u00ee \u00fb raya gi\u015ft\u00ee re <br \/>Li roja 19\u00ea Gulan\u00ea, li derdora gund\u00ea Basufan\u00ea ya gir\u00eaday\u00ee Efr\u00een\u00ea, h\u00eaz\u00ean me li hember baregehek \u00e7etey\u00ean dagirker \u00e7alakiyek berfireh a serdagirtin\u00ea lidarxistin. \u00c7alak\u00ee \u015fev di seet 01:00 an de destp\u00ea kir. Di p\u00eav\u00e7\u00fbn\u00ean desp\u00eak\u00ea de 4 \u00e7ete hatin ku\u015ftin, 2 \u00e7ete j\u00ee bi awayek br\u00eendar ji baregeh\u00ea reviyan. Di nav 15 deqqeyan de kontrola baregeh\u00ea ket dest\u00ea h\u00eaz\u00ean me. Di berdewamiya p\u00eav\u00e7\u00fbnan de 4 \u00e7etey\u00ean din hatin ku\u015ftin \u00fb \u00e7eteyek hat br\u00eendar kirin. Herwiha do\u00e7kayek hat ruxandin. Di seet\u00ean sibeh\u00ea de dema art\u00ea\u015fa dagirker li derdora gund dest bi operasyonek kir, li vir j\u00ee di encama \u00e7alakiyek sabotaj\u00ea de seyareyek hat ruxandin, herwiha 3 le\u015fker\u00ean Tirk \u00fb \u00e7eteyek hat ku\u015ftin. Berbi n\u00eevro di seet 10:00 an de dema h\u00eaz\u00ean dagirker hewl didan cenazey\u00ean xwe rabikin, \u00e7alakiyek din ya sabotaj\u00ea hat lidarxistin. Li vir j\u00ee 2 \u00e7ete hatin ku\u015ftin, motorek hat ruxandin. Pi\u015ft\u00ee wan \u00e7alakiyan h\u00eaz\u00ean dagirker bi desteka balafir\u00ea ke\u015ff\u00ea derdora baregeh\u00ea \u00fb gund\u00ean her\u00eama \u015e\u00earawa \u00fb \u015eehba topbaran kirin. <br \/>Di wan \u00e7alakiyan de bi gi\u015ft\u00ee 11 \u00e7ete \u00fb 3 le\u015fker hatin ku\u015ftin, her\u00ee k\u00eam 3 \u00e7ete j\u00ee br\u00eendar b\u00fbn. 1 seyare, 1 motor, 1 do\u00e7ka tev p\u00eekab\u00ea w\u00ea, 1 termal, 1 durb\u00eena roj \u00fb 1 b\u00eat\u00eal hatin ruxandin. 1 BKC, 3 AK-47, 1 d\u00fbrb\u00eena \u015fev, 1 b\u00eat\u00eal \u00fb 3 telefon j\u00ee hatin desteserkirin. <br \/>Ew r\u00eaze\u00e7alak\u00ee bi armanca tolhildana \u00eari\u015f\u00ean ku dewleta Tirk a dagirker li meha daw\u00ee li hember gel\u00ea me da me\u015fandin, hatin lidarxistin. <br \/>H\u00eaz\u00ean Rizgariya Efrin\u00ea <br \/>20 Gulan 2021<\/p>\r\n\r\n\r\n\r\n<p>\u0634\u0627\u0647\u062f \u0627\u0644\u0641\u064a\u062f\u064a\u0648 \u0639\u0628\u0631 \u0627\u0644\u0631\u0627\u0628\u0637 \u0627\u0644\u062a\u0627\u0644\u064a :<\/p>\r\n\r\n\r\n\r\n<p dir=\"ltr\"><a href=\"https:\/\/t.me\/HRE_official_kurdish\/647\">t.me\/HRE_official_kurdish\/647<\/a><\/p>\r\n\r\n\r\n\r\n<figure class=\"wp-block-image size-large\"><img loading=\"lazy\" decoding=\"async\" width=\"1024\" height=\"576\" class=\"wp-image-2239\" src=\"https:\/\/hre-official.com\/wp-content\/uploads\/2023\/05\/IMG_20230526_002027_221-1024x576.jpg\" alt=\"\" srcset=\"https:\/\/hre-official.com\/wp-content\/uploads\/2023\/05\/IMG_20230526_002027_221-1024x576.jpg 1024w, https:\/\/hre-official.com\/wp-content\/uploads\/2023\/05\/IMG_20230526_002027_221-300x169.jpg 300w, https:\/\/hre-official.com\/wp-content\/uploads\/2023\/05\/IMG_20230526_002027_221-768x432.jpg 768w, https:\/\/hre-official.com\/wp-content\/uploads\/2023\/05\/IMG_20230526_002027_221-390x220.jpg 390w, https:\/\/hre-official.com\/wp-content\/uploads\/2023\/05\/IMG_20230526_002027_221.jpg 1280w\" sizes=\"auto, (max-width: 1024px) 100vw, 1024px\" \/><\/figure>\r\n","protected":false},"excerpt":{"rendered":"<p>Ji \u00e7apemen\u00ee \u00fb raya gi\u015ft\u00ee re Li roja 19\u00ea Gulan\u00ea, li derdora gund\u00ea Basufan\u00ea ya gir\u00eaday\u00ee Efr\u00een\u00ea, h\u00eaz\u00ean me li hember baregehek \u00e7etey\u00ean dagirker \u00e7alakiyek berfireh a serdagirtin\u00ea lidarxistin. \u00c7alak\u00ee \u015fev di seet 01:00 an de destp\u00ea kir. Di p\u00eav\u00e7\u00fbn\u00ean desp\u00eak\u00ea de 4 \u00e7ete hatin ku\u015ftin, 2 \u00e7ete j\u00ee bi awayek br\u00eendar ji baregeh\u00ea reviyan. &hellip;<\/p>\n","protected":false},"author":1,"featured_media":2240,"comment_status":"open","ping_status":"open","sticky":false,"template":"","format":"standard","meta":{"_jetpack_memberships_contains_paid_content":false,"footnotes":""},"categories":[24,25],"tags":[],"class_list":["post-2241","post","type-post","status-publish","format-standard","has-post-thumbnail","hentry","category-24","category-25"],"jetpack_featured_media_url":"https:\/\/hre-official.com\/wp-content\/uploads\/2023\/05\/Screenshot_2023-05-26-00-20-49-772-edit_org.telegram.messenger.jpg","jetpack_sharing_enabled":true,"_links":{"self":[{"href":"https:\/\/hre-official.com\/index.php?rest_route=\/wp\/v2\/posts\/2241","targetHints":{"allow":["GET"]}}],"collection":[{"href":"https:\/\/hre-official.com\/index.php?rest_route=\/wp\/v2\/posts"}],"about":[{"href":"https:\/\/hre-official.com\/index.php?rest_route=\/wp\/v2\/types\/post"}],"author":[{"embeddable":true,"href":"https:\/\/hre-official.com\/index.php?rest_route=\/wp\/v2\/users\/1"}],"replies":[{"embeddable":true,"href":"https:\/\/hre-official.com\/index.php?rest_route=%2Fwp%2Fv2%2Fcomments&post=2241"}],"version-history":[{"count":0,"href":"https:\/\/hre-official.com\/index.php?rest_route=\/wp\/v2\/posts\/2241\/revisions"}],"wp:featuredmedia":[{"embeddable":true,"href":"https:\/\/hre-official.com\/index.php?rest_route=\/wp\/v2\/media\/2240"}],"wp:attachment":[{"href":"https:\/\/hre-official.com\/index.php?rest_route=%2Fwp%2Fv2%2Fmedia&parent=2241"}],"wp:term":[{"taxonomy":"category","embeddable":true,"href":"https:\/\/hre-official.com\/index.php?rest_route=%2Fwp%2Fv2%2Fcategories&post=2241"},{"taxonomy":"post_tag","embeddable":true,"href":"https:\/\/hre-official.com\/index.php?rest_route=%2Fwp%2Fv2%2Ftags&post=2241"}],"curies":[{"name":"wp","href":"https:\/\/api.w.org\/{rel}","templated":true}]}}