{"id":2237,"date":"2021-05-19T02:25:56","date_gmt":"2021-05-19T02:25:56","guid":{"rendered":"https:\/\/hre-official.com\/?p=2237"},"modified":"2023-05-29T15:49:40","modified_gmt":"2023-05-29T15:49:40","slug":"%d8%ad%d9%83%d9%8a%d9%85-%d8%a7%d9%84%d8%b0%d9%8a-%d8%aa%d9%85-%d8%a3%d8%b3%d8%b1%d9%87%d8%8c-%d8%a3%d8%b5%d8%a8%d8%ad-%d8%b9%d9%85%d9%8a%d9%84-%d9%84%d8%af%d9%89-mit-%d9%82%d9%88%d8%a7%d8%aa-%d8%a7","status":"publish","type":"post","link":"https:\/\/hre-official.com\/?p=2237","title":{"rendered":"\u062d\u0643\u064a\u0645 \u0627\u0644\u0630\u064a \u062a\u0645 \u0623\u0633\u0631\u0647\u060c \u0623\u0635\u0628\u062d \u0639\u0645\u064a\u0644 \u0644\u062f\u0649 MIT \u0642\u0648\u0627\u062a \u0627\u0644\u0627\u062d\u062a\u0644\u0627\u0644 \u0627\u0644\u062a\u0631\u0643\u064a"},"content":{"rendered":"\r\n\r\n\r\n<p dir=\"ltr\">Ji \u00e7apemen\u00ee \u00fb raya gi\u015ft\u00ee re <br \/>Me di daxuyaniya xwe ya bi d\u00eeroka 19 Adar 2021 de dab\u00fb diyarkirin ku li roja 17\u00ea Adar\u00ea, dema yekineyek me li ser erka xwe disekin\u00ee, di navbera yekineya me \u00fb dijmin\u00ea dagirker de p\u00eav\u00e7\u00fbn qewim\u00eeb\u00fb. Di v\u00ea p\u00eav\u00e7\u00fbn\u00ea de r\u00eaheval R\u00fbken Zerde\u015ft \u015feh\u00eed ketib\u00fb \u00fb 2 kes j\u00ee d\u00eel ketib\u00fbn. Kes\u00ea bi nav\u00ea Hek\u00eem pi\u015ft\u00ea ku di v\u00ea b\u00fbyer\u00ea de ket dest\u00ea dijmin b\u00fbye qontra \u00fb bi dijmin re hevkariy\u00ea kiriye. Ev kes di dem\u00ean daw\u00ee de bi taybet\u00ee faaliyet\u00ean ku ji aliy\u00ea M\u0130T\u00ea ve t\u00ean r\u00eavebirin de c\u00eeh digire, p\u00eawist e gel\u00ea me li hember v\u00ea rew\u015f\u00ea bihi\u015fyar\u00ee tevbigere. <br \/>Hez\u00ean Rizgariya Efr\u00een\u00ea <br \/>19 Gulan 2021 <\/p>\r\n","protected":false},"excerpt":{"rendered":"<p>Ji \u00e7apemen\u00ee \u00fb raya gi\u015ft\u00ee re Me di daxuyaniya xwe ya bi d\u00eeroka 19 Adar 2021 de dab\u00fb diyarkirin ku li roja 17\u00ea Adar\u00ea, dema yekineyek me li ser erka xwe disekin\u00ee, di navbera yekineya me \u00fb dijmin\u00ea dagirker de p\u00eav\u00e7\u00fbn qewim\u00eeb\u00fb. Di v\u00ea p\u00eav\u00e7\u00fbn\u00ea de r\u00eaheval R\u00fbken Zerde\u015ft \u015feh\u00eed ketib\u00fb \u00fb 2 kes j\u00ee &hellip;<\/p>\n","protected":false},"author":1,"featured_media":2236,"comment_status":"open","ping_status":"open","sticky":false,"template":"","format":"standard","meta":{"_jetpack_memberships_contains_paid_content":false,"footnotes":""},"categories":[24],"tags":[],"class_list":["post-2237","post","type-post","status-publish","format-standard","has-post-thumbnail","hentry","category-24"],"jetpack_featured_media_url":"https:\/\/hre-official.com\/wp-content\/uploads\/2023\/05\/IMG_20230526_001830_171-1.jpg","jetpack_sharing_enabled":true,"_links":{"self":[{"href":"https:\/\/hre-official.com\/index.php?rest_route=\/wp\/v2\/posts\/2237","targetHints":{"allow":["GET"]}}],"collection":[{"href":"https:\/\/hre-official.com\/index.php?rest_route=\/wp\/v2\/posts"}],"about":[{"href":"https:\/\/hre-official.com\/index.php?rest_route=\/wp\/v2\/types\/post"}],"author":[{"embeddable":true,"href":"https:\/\/hre-official.com\/index.php?rest_route=\/wp\/v2\/users\/1"}],"replies":[{"embeddable":true,"href":"https:\/\/hre-official.com\/index.php?rest_route=%2Fwp%2Fv2%2Fcomments&post=2237"}],"version-history":[{"count":0,"href":"https:\/\/hre-official.com\/index.php?rest_route=\/wp\/v2\/posts\/2237\/revisions"}],"wp:featuredmedia":[{"embeddable":true,"href":"https:\/\/hre-official.com\/index.php?rest_route=\/wp\/v2\/media\/2236"}],"wp:attachment":[{"href":"https:\/\/hre-official.com\/index.php?rest_route=%2Fwp%2Fv2%2Fmedia&parent=2237"}],"wp:term":[{"taxonomy":"category","embeddable":true,"href":"https:\/\/hre-official.com\/index.php?rest_route=%2Fwp%2Fv2%2Fcategories&post=2237"},{"taxonomy":"post_tag","embeddable":true,"href":"https:\/\/hre-official.com\/index.php?rest_route=%2Fwp%2Fv2%2Ftags&post=2237"}],"curies":[{"name":"wp","href":"https:\/\/api.w.org\/{rel}","templated":true}]}}