{"id":2229,"date":"2021-05-16T18:21:25","date_gmt":"2021-05-16T18:21:25","guid":{"rendered":"https:\/\/hre-official.com\/?p=2229"},"modified":"2023-05-29T15:49:46","modified_gmt":"2023-05-29T15:49:46","slug":"%d9%85%d9%82%d8%aa%d9%84-%d8%a5%d8%ab%d9%86%d9%8a%d9%86-%d9%85%d9%86-%d8%b9%d9%85%d9%84%d8%a7%d8%a1-mit-%d9%81%d9%8a-%d8%b9%d9%85%d9%84%d9%8a%d8%a9-%d9%86%d9%88%d8%b9%d9%8a%d8%a9-%d9%84%d9%82%d9%88","status":"publish","type":"post","link":"https:\/\/hre-official.com\/?p=2229","title":{"rendered":"\u0645\u0642\u062a\u0644 \u0625\u062b\u0646\u064a\u0646 \u0645\u0646 \u0639\u0645\u0644\u0627\u0621 MIT \u0641\u064a \u0639\u0645\u0644\u064a\u0629 \u0646\u0648\u0639\u064a\u0629 \u0644\u0642\u0648\u0627\u062a\u0646\u0627 \u0641\u064a \u0642\u0631\u064a\u0629 \u0628\u0631\u0627\u062f\u0629"},"content":{"rendered":"\r\n<p dir=\"ltr\">Ji \u00e7apemen\u00ee \u00fb raya gi\u015ft\u00ee re <br \/>Li roja 10\u00ea Gulan\u00ea li her\u00eama \u015e\u00earawa li hember dagirkeran 2 \u00e7alaki hatin lidarxistin. \u00c7alakiya yekem li n\u00eaz\u00ee gund\u00ea Cilbir\u00ea li hember ka\u00eedeyek art\u00ea\u015fa Tirk a dagirker hat lidarxistin. Di v\u00ea \u00e7alakiy\u00ea de 1 le\u015fker hat ku\u015ftin. \u00c7alakiya duyem, pi\u015ft\u00ea n\u00eevro di seet 16:00 an de li n\u00eaz\u00ee gund\u00ea Berad\u00ea hat lidarxistin. Dema le\u015fker, \u00e7ete \u00fb endam\u00ean M\u0130T\u00ea kom b\u00fbb\u00fbn, h\u00eaz\u00ean me li hember wana \u00e7alakiyek sabotaj\u00ea lidarxistin. Di encama v\u00ea \u00e7alakiy\u00ea de j\u00ee \u00e7eteyek \u00fb 2 endam\u00ean M\u0130T\u00ea hatin ku\u015ftin, 2 endam\u00ean M\u0130T\u00ea j\u00ee br\u00eendar b\u00fbn. <br \/>H\u00eaz\u00ean Rizgariya Efr\u00een\u00ea <br \/>16 Gulan 2021 <br \/><br \/><\/p>\r\n","protected":false},"excerpt":{"rendered":"<p>Ji \u00e7apemen\u00ee \u00fb raya gi\u015ft\u00ee re Li roja 10\u00ea Gulan\u00ea li her\u00eama \u015e\u00earawa li hember dagirkeran 2 \u00e7alaki hatin lidarxistin. \u00c7alakiya yekem li n\u00eaz\u00ee gund\u00ea Cilbir\u00ea li hember ka\u00eedeyek art\u00ea\u015fa Tirk a dagirker hat lidarxistin. Di v\u00ea \u00e7alakiy\u00ea de 1 le\u015fker hat ku\u015ftin. \u00c7alakiya duyem, pi\u015ft\u00ea n\u00eevro di seet 16:00 an de li n\u00eaz\u00ee gund\u00ea &hellip;<\/p>\n","protected":false},"author":1,"featured_media":2228,"comment_status":"open","ping_status":"open","sticky":false,"template":"","format":"standard","meta":{"_jetpack_memberships_contains_paid_content":false,"footnotes":""},"categories":[24,25],"tags":[],"class_list":["post-2229","post","type-post","status-publish","format-standard","has-post-thumbnail","hentry","category-24","category-25"],"jetpack_featured_media_url":"https:\/\/hre-official.com\/wp-content\/uploads\/2023\/05\/FB_IMG_1678659874300-2.jpg","jetpack_sharing_enabled":true,"_links":{"self":[{"href":"https:\/\/hre-official.com\/index.php?rest_route=\/wp\/v2\/posts\/2229","targetHints":{"allow":["GET"]}}],"collection":[{"href":"https:\/\/hre-official.com\/index.php?rest_route=\/wp\/v2\/posts"}],"about":[{"href":"https:\/\/hre-official.com\/index.php?rest_route=\/wp\/v2\/types\/post"}],"author":[{"embeddable":true,"href":"https:\/\/hre-official.com\/index.php?rest_route=\/wp\/v2\/users\/1"}],"replies":[{"embeddable":true,"href":"https:\/\/hre-official.com\/index.php?rest_route=%2Fwp%2Fv2%2Fcomments&post=2229"}],"version-history":[{"count":0,"href":"https:\/\/hre-official.com\/index.php?rest_route=\/wp\/v2\/posts\/2229\/revisions"}],"wp:featuredmedia":[{"embeddable":true,"href":"https:\/\/hre-official.com\/index.php?rest_route=\/wp\/v2\/media\/2228"}],"wp:attachment":[{"href":"https:\/\/hre-official.com\/index.php?rest_route=%2Fwp%2Fv2%2Fmedia&parent=2229"}],"wp:term":[{"taxonomy":"category","embeddable":true,"href":"https:\/\/hre-official.com\/index.php?rest_route=%2Fwp%2Fv2%2Fcategories&post=2229"},{"taxonomy":"post_tag","embeddable":true,"href":"https:\/\/hre-official.com\/index.php?rest_route=%2Fwp%2Fv2%2Ftags&post=2229"}],"curies":[{"name":"wp","href":"https:\/\/api.w.org\/{rel}","templated":true}]}}