{"id":2226,"date":"2021-05-07T00:39:28","date_gmt":"2021-05-07T00:39:28","guid":{"rendered":"https:\/\/hre-official.com\/?p=2226"},"modified":"2023-05-29T15:49:52","modified_gmt":"2023-05-29T15:49:52","slug":"%d9%81%d9%8a-%d8%b9%d9%85%d9%84%d9%8a%d8%a9-%d8%a5%d9%86%d8%aa%d9%82%d8%a7%d9%85%d9%8a%d8%a9-%d9%86%d9%81%d8%b0%d8%aa-%d9%82%d9%88%d8%a7%d8%aa%d9%86%d8%a7-%d9%87%d8%ac%d9%85%d8%a9-%d8%b9%d9%84%d9%89","status":"publish","type":"post","link":"https:\/\/hre-official.com\/?p=2226","title":{"rendered":"\u0641\u064a \u0639\u0645\u0644\u064a\u0629 \u0625\u0646\u062a\u0642\u0627\u0645\u064a\u0629 \u0646\u0641\u0630\u062a \u0642\u0648\u0627\u062a\u0646\u0627 \u0647\u062c\u0645\u0629 \u0639\u0644\u0649 \u0646\u0642\u0627\u0637 \u0645\u0631\u062a\u0632\u0642\u0629 \u0627\u0644\u0627\u062d\u062a\u0644\u0627\u0644 \u0627\u0644\u062a\u0631\u0643\u064a \u0641\u064a \u0642\u0631\u064a\u0629 \u0628\u0631\u062c \u062d\u064a\u062f\u0631."},"content":{"rendered":"\r\n<p dir=\"ltr\">Ji \u00e7apemen\u00ee \u00fb raya gi\u015ft\u00ee re <br \/>Li roja 28\u00ea Avr\u00eal\u00ea, li derdora gund\u00ea Birc Heyder ya gir\u00eaday\u00ee nav\u00e7eya \u015e\u00earawa, h\u00eaz\u00ean me li hember \u00e7etey\u00ean dagirker \u00e7alakiyek lidarxistin. Di encam\u00ea v\u00ea \u00e7alakiy\u00ea de 2 \u00e7ete hatin ku\u015ftin, 2 seyare hatin ruxandin. <br \/>Li heman roj\u00ea li bajar\u00ea Efr\u00een\u00ea, li hember le\u015fker \u00fb \u00e7etey\u00ean dagirker \u00e7alakiyek din hat lidarxistin. Di encama v\u00ea \u00e7alakiy\u00ea de 1 le\u015fker \u00fb 1 \u00e7ete hatin ku\u015ftin, 1 le\u015fker \u00fb 3 \u00e7ete j\u00ee br\u00eendar b\u00fbn. <br \/>Li roja 30\u00ea Avr\u00eal\u00ea, li gund\u00ea Xilalka ya gir\u00eaday\u00ee Efr\u00een\u00ea li hember \u00e7eteyan \u00e7alakiyek hat lidarxistin. Di encama v\u00ea \u00e7alakiy\u00ea de, 1 \u00e7ete hat ku\u015ftin, 2 \u00e7ete j\u00ee br\u00eendar b\u00fbn. <br \/>Di encama wan \u00e7alakiyan de bi gi\u015ft\u00ee, 1 le\u015fker \u00fb 4 \u00e7ete hatin ku\u015ftin, 1 le\u015fker \u00fb 5 \u00e7ete j\u00ee br\u00eendar b\u00fbn. <br \/>H\u00eaz\u00ean Rizgariya Efr\u00een\u00ea <br \/>07 Gulan 2021 <\/p>\r\n","protected":false},"excerpt":{"rendered":"<p>Ji \u00e7apemen\u00ee \u00fb raya gi\u015ft\u00ee re Li roja 28\u00ea Avr\u00eal\u00ea, li derdora gund\u00ea Birc Heyder ya gir\u00eaday\u00ee nav\u00e7eya \u015e\u00earawa, h\u00eaz\u00ean me li hember \u00e7etey\u00ean dagirker \u00e7alakiyek lidarxistin. Di encam\u00ea v\u00ea \u00e7alakiy\u00ea de 2 \u00e7ete hatin ku\u015ftin, 2 seyare hatin ruxandin. Li heman roj\u00ea li bajar\u00ea Efr\u00een\u00ea, li hember le\u015fker \u00fb \u00e7etey\u00ean dagirker \u00e7alakiyek din hat &hellip;<\/p>\n","protected":false},"author":1,"featured_media":2225,"comment_status":"open","ping_status":"open","sticky":false,"template":"","format":"standard","meta":{"_jetpack_memberships_contains_paid_content":false,"footnotes":""},"categories":[24,25],"tags":[],"class_list":["post-2226","post","type-post","status-publish","format-standard","has-post-thumbnail","hentry","category-24","category-25"],"jetpack_featured_media_url":"https:\/\/hre-official.com\/wp-content\/uploads\/2023\/05\/Screenshot_2023-05-22-19-32-16-688-edit_org.telegram.messenger.jpg","jetpack_sharing_enabled":true,"_links":{"self":[{"href":"https:\/\/hre-official.com\/index.php?rest_route=\/wp\/v2\/posts\/2226","targetHints":{"allow":["GET"]}}],"collection":[{"href":"https:\/\/hre-official.com\/index.php?rest_route=\/wp\/v2\/posts"}],"about":[{"href":"https:\/\/hre-official.com\/index.php?rest_route=\/wp\/v2\/types\/post"}],"author":[{"embeddable":true,"href":"https:\/\/hre-official.com\/index.php?rest_route=\/wp\/v2\/users\/1"}],"replies":[{"embeddable":true,"href":"https:\/\/hre-official.com\/index.php?rest_route=%2Fwp%2Fv2%2Fcomments&post=2226"}],"version-history":[{"count":0,"href":"https:\/\/hre-official.com\/index.php?rest_route=\/wp\/v2\/posts\/2226\/revisions"}],"wp:featuredmedia":[{"embeddable":true,"href":"https:\/\/hre-official.com\/index.php?rest_route=\/wp\/v2\/media\/2225"}],"wp:attachment":[{"href":"https:\/\/hre-official.com\/index.php?rest_route=%2Fwp%2Fv2%2Fmedia&parent=2226"}],"wp:term":[{"taxonomy":"category","embeddable":true,"href":"https:\/\/hre-official.com\/index.php?rest_route=%2Fwp%2Fv2%2Fcategories&post=2226"},{"taxonomy":"post_tag","embeddable":true,"href":"https:\/\/hre-official.com\/index.php?rest_route=%2Fwp%2Fv2%2Ftags&post=2226"}],"curies":[{"name":"wp","href":"https:\/\/api.w.org\/{rel}","templated":true}]}}