{"id":2223,"date":"2021-04-28T14:35:40","date_gmt":"2021-04-28T14:35:40","guid":{"rendered":"https:\/\/hre-official.com\/?p=2223"},"modified":"2023-05-29T15:50:03","modified_gmt":"2023-05-29T15:50:03","slug":"%d8%a7%d8%b3%d8%aa%d9%87%d8%af%d8%a7%d9%81-%d9%82%d9%88%d8%a7%d8%aa%d9%86%d8%a7-%d9%86%d9%82%d8%b7%d8%a9-%d9%84%d9%85%d8%b1%d8%aa%d8%b2%d9%82%d8%a9-%d8%a7%d9%84%d8%a7%d8%ad%d8%aa%d9%84%d8%a7%d9%84","status":"publish","type":"post","link":"https:\/\/hre-official.com\/?p=2223","title":{"rendered":"\u0627\u0633\u062a\u0647\u062f\u0627\u0641 \u0642\u0648\u0627\u062a\u0646\u0627 \u0646\u0642\u0637\u0629 \u0644\u0645\u0631\u062a\u0632\u0642\u0629 \u0627\u0644\u0627\u062d\u062a\u0644\u0627\u0644 \u0627\u0644\u062a\u0631\u0643\u064a \u0641\u064a \u0642\u0631\u064a\u0629 \u0628\u0627\u0635\u0648\u0641\u0627\u0646 \u0627\u0644\u062a\u0627\u0628\u0639\u0629 \u0644\u0646\u0627\u062d\u064a\u0629 \u0634\u064a\u0631\u0627\u0648\u0627."},"content":{"rendered":"\r\n<p dir=\"ltr\">Di encama \u00e7alakiy\u00ean di navbera roj\u00ean 14 \u00fb 26\u00ea Avr\u00eal\u00ea de bi gi\u015ft\u00ee, 6 \u00e7ete hatin ku\u015ftin, 12 \u00e7ete \u00fb 3 le\u015fker j\u00ee br\u00eendar b\u00fbn <br \/>Ji \u00e7apemen\u00ee \u00fb raya gi\u015ft\u00ee re! <br \/>Di navbera roj\u00ean 14 \u00fb 26\u00ea Avr\u00eal\u00ea de, li hember art\u00ea\u015fa Tirk a dagirker \u00fb \u00e7etey\u00ean w\u00ea ji aliy\u00ea h\u00eaz\u00ean me ve r\u00eaze\u00e7alak\u00ee hatin lidarxistin. Encama wan \u00e7alakiyan wiha ye; <br \/>Li roja 14\u00ea Avr\u00eal\u00ea, li Bilbil\u00ea, di encama \u00e7alakiya h\u00eaz\u00ean me de 2 \u00e7ete hatin ku\u015ftin, 2 \u00e7ete j\u00ee br\u00eendar b\u00fbn. <br \/>Li roja 16\u00ea Avr\u00eal\u00ea, li Efr\u00een\u00ea li ser r\u00eaya Raco di encama \u00e7alakiya sabotaj\u00ea de 4 \u00e7ete hatin ku\u015ftin, \u00e7eteyek j\u00ee br\u00eendar b\u00fb. <br \/>Li roja 23\u00ea Avr\u00eal\u00ea, li Efr\u00een\u00ea di encama \u00e7alakiyek sabotaj\u00ea de 3 \u00e7ete br\u00eendar b\u00fbn. Li heman roj\u00ea, li Bab\u00ea, li hember konvoyek art\u00ea\u015fa dagirker \u00e7alakiyek sabotaj\u00ea hat lidarxistin. Di encama v\u00ea \u00e7alakiy\u00ea de 3 le\u015fker \u00fb 4 \u00e7ete br\u00eendar b\u00fbn. <br \/>Li roja 24\u00ea Avr\u00eal\u00ea, li Efr\u00een\u00ea di encama \u00e7alakiya h\u00eaz\u00ean me de 2 \u00e7ete br\u00eendar b\u00fbn. <br \/>Li roja 26\u00ea Avr\u00eal\u00ea, li derdora gund\u00ea Basufan\u00ea ya nav\u00e7eya \u015e\u00earawa, li hember \u00e7etey\u00ean dagirker \u00e7alakiyek hat lidarxistin. Di v\u00ea \u00e7alakiy\u00ea de seyareyek hat r\u00fbxandin. Di derbar\u00ea ku\u015ft\u00ee \u00fb br\u00eendar\u00ean dijmin de agahiy\u00ean zelal nehatin bidestxistin. <br \/>H\u00eaz\u00ean Rizgariya Efr\u00een\u00ea <br \/>28 Avr\u00eal 2021<\/p>\r\n\r\n\r\n\r\n<p>\u0634\u0627\u0647\u062f \u0627\u0644\u0641\u064a\u062f\u064a\u0648 \u0639\u0628\u0631 \u0627\u0644\u0631\u0627\u0628\u0637 \u0627\u0644\u062a\u0627\u0644\u064a :<\/p>\r\n\r\n\r\n\r\n<p dir=\"ltr\"><a href=\"https:\/\/t.me\/HRE_official_kurdish\/641\">t.me\/HRE_official_kurdish\/641<\/a><\/p>\r\n","protected":false},"excerpt":{"rendered":"<p>Di encama \u00e7alakiy\u00ean di navbera roj\u00ean 14 \u00fb 26\u00ea Avr\u00eal\u00ea de bi gi\u015ft\u00ee, 6 \u00e7ete hatin ku\u015ftin, 12 \u00e7ete \u00fb 3 le\u015fker j\u00ee br\u00eendar b\u00fbn Ji \u00e7apemen\u00ee \u00fb raya gi\u015ft\u00ee re! Di navbera roj\u00ean 14 \u00fb 26\u00ea Avr\u00eal\u00ea de, li hember art\u00ea\u015fa Tirk a dagirker \u00fb \u00e7etey\u00ean w\u00ea ji aliy\u00ea h\u00eaz\u00ean me ve r\u00eaze\u00e7alak\u00ee hatin &hellip;<\/p>\n","protected":false},"author":1,"featured_media":2222,"comment_status":"open","ping_status":"open","sticky":false,"template":"","format":"standard","meta":{"_jetpack_memberships_contains_paid_content":false,"footnotes":""},"categories":[24,25],"tags":[],"class_list":["post-2223","post","type-post","status-publish","format-standard","has-post-thumbnail","hentry","category-24","category-25"],"jetpack_featured_media_url":"https:\/\/hre-official.com\/wp-content\/uploads\/2023\/05\/IMG_20230522_234722.jpg","jetpack_sharing_enabled":true,"_links":{"self":[{"href":"https:\/\/hre-official.com\/index.php?rest_route=\/wp\/v2\/posts\/2223","targetHints":{"allow":["GET"]}}],"collection":[{"href":"https:\/\/hre-official.com\/index.php?rest_route=\/wp\/v2\/posts"}],"about":[{"href":"https:\/\/hre-official.com\/index.php?rest_route=\/wp\/v2\/types\/post"}],"author":[{"embeddable":true,"href":"https:\/\/hre-official.com\/index.php?rest_route=\/wp\/v2\/users\/1"}],"replies":[{"embeddable":true,"href":"https:\/\/hre-official.com\/index.php?rest_route=%2Fwp%2Fv2%2Fcomments&post=2223"}],"version-history":[{"count":0,"href":"https:\/\/hre-official.com\/index.php?rest_route=\/wp\/v2\/posts\/2223\/revisions"}],"wp:featuredmedia":[{"embeddable":true,"href":"https:\/\/hre-official.com\/index.php?rest_route=\/wp\/v2\/media\/2222"}],"wp:attachment":[{"href":"https:\/\/hre-official.com\/index.php?rest_route=%2Fwp%2Fv2%2Fmedia&parent=2223"}],"wp:term":[{"taxonomy":"category","embeddable":true,"href":"https:\/\/hre-official.com\/index.php?rest_route=%2Fwp%2Fv2%2Fcategories&post=2223"},{"taxonomy":"post_tag","embeddable":true,"href":"https:\/\/hre-official.com\/index.php?rest_route=%2Fwp%2Fv2%2Ftags&post=2223"}],"curies":[{"name":"wp","href":"https:\/\/api.w.org\/{rel}","templated":true}]}}