{"id":2220,"date":"2021-04-17T12:46:28","date_gmt":"2021-04-17T12:46:28","guid":{"rendered":"https:\/\/hre-official.com\/?p=2220"},"modified":"2023-05-29T15:27:56","modified_gmt":"2023-05-29T15:27:56","slug":"%d8%a7%d8%b3%d8%aa%d8%b4%d9%87%d8%a7%d8%af-%d8%a7%d8%ad%d8%af-%d8%b1%d9%81%d8%a7%d9%82%d9%86%d8%a7-%d8%a7%d9%84%d8%b4%d9%87%d9%8a%d8%af-%d8%a7%d9%84%d8%a2%d9%86-%d8%a8%d9%8a%d9%86%d9%87","status":"publish","type":"post","link":"https:\/\/hre-official.com\/?p=2220","title":{"rendered":"\u0627\u0633\u062a\u0634\u0647\u0627\u062f \u0627\u062d\u062f \u0631\u0641\u0627\u0642\u0646\u0627 \u0627\u0644\u0634\u0647\u064a\u062f \u0627\u0644\u0622\u0646 \u0628\u064a\u0646\u0647"},"content":{"rendered":"<p><strong><\/strong><\/p>\r\n<p dir=\"ltr\" style=\"text-align: left;\">Di \u00e7alakiy\u00ean di navbera roj\u00ean 8-14\u00ea Avr\u00eal\u00ea de bi gi\u015ft\u00ee 8 \u00e7ete hatin ku\u015ftin, 19 \u00e7ete j\u00ee br\u00eendar b\u00fbn<\/p>\r\n\r\n\r\n\r\n<p style=\"text-align: left;\">Ji \u00e7apemen\u00ee \u00fb raya gi\u015ft\u00ee re<\/p>\r\n\r\n\r\n\r\n<p style=\"text-align: left;\">Li hember \u00eari\u015f\u00ean dewleta Tirk a dagirker \u00fb \u00e7etey\u00ean w\u00ea \u00e7alakiy\u00ean h\u00eaz\u00ean me berdewam dikin. Di v\u00ea \u00e7ar\u00e7ovey\u00ea de;<\/p>\r\n\r\n\r\n\r\n<p style=\"text-align: left;\">Li roja 8\u00ea Avr\u00eal\u00ea, li gund\u00ea Hallubiy\u00ea ya nav\u00e7eya \u015eera, li hember \u00e7etey\u00ean dagirker \u00e7alakiyek sabotaj\u00ea hat lidarxistin. Di v\u00ea \u00e7alakiy\u00ea de 3 \u00e7ete hatin ku\u015ftin, 2 \u00e7ete j\u00ee br\u00eendar b\u00fbn.<\/p>\r\n\r\n\r\n\r\n<p style=\"text-align: left;\">Li roja 11\u00ea Avr\u00eal\u00ea, li bajar\u00ea Efr\u00een\u00ea li hember noxteyek \u00e7eteyan \u00e7alakiyek sabotaj\u00ea hat lidar xistin. Di encama v\u00ea \u00e7alakiy\u00ea de 2 \u00e7ete hatin ku\u015ftin, 13 \u00e7ete br\u00eendar b\u00fbn.<\/p>\r\n\r\n\r\n\r\n<p style=\"text-align: left;\">Li roja 12\u00ea Avr\u00eal\u00ea, li bajar\u00ea Efr\u00een\u00ea li ser r\u00eaya Trind\u00ea \u00e7alakiyek sabotaj\u00ea hat lidarxistin. Di encama v\u00ea \u00e7alakiy\u00ea de 2 \u00e7ete hatin ku\u015ftin, 4 \u00e7ete br\u00eendar b\u00fbn. Herwiha seyareyek \u00e7eteyan hat r\u00fbxandin.<\/p>\r\n\r\n\r\n\r\n<p style=\"text-align: left;\">Li roja 14\u00ea Avr\u00eal\u00ea, li bajar\u00ea Bab\u00ea, li hember seyareyek le\u015fker\u00ee ya \u00e7etey\u00ean dagirker \u00e7alakiyek sabotaj\u00ea hat lidarxistin. Di encama v\u00ea \u00e7alakiy\u00ea de \u00e7eteyek hat ku\u015ftin, seyare hat r\u00fbxandin.<\/p>\r\n\r\n\r\n\r\n<p style=\"text-align: left;\">Li roja 16\u00ea Avr\u00eal\u00ea, li bejahiya nav\u00e7eya \u015eera di navbera yekineyek me \u00fb le\u015fker\u00ean dagirker de p\u00eav\u00e7\u00fbn qewim\u00ee. Di v\u00ea p\u00eav\u00e7\u00fbn\u00ea de hejmara ku\u015ft\u00ee \u00fb br\u00eendar\u00ean dijmin nehat zelalkirin. Di v\u00ea p\u00eav\u00e7\u00fbn\u00ea de r\u00eaheval\u00ea me Alan B\u00ean\u00ea li hember dijmin heta fi\u015feka xwe ya daw\u00ee bi leheng\u00ee \u015fer kir \u00fb gihi\u015ft asta \u015fehadet\u00ea.<\/p>\r\n\r\n\r\n\r\n<p style=\"text-align: left;\">Nasnameya r\u00eaheval\u00ea me y\u00ea \u015feh\u00eed wiha ye;<\/p>\r\n\r\n\r\n\r\n<p style=\"text-align: left;\">\u00a0<\/p>\r\n\r\n\r\n\r\n<p style=\"text-align: left;\">Nasnav: Alan B\u00ean\u00ea<\/p>\r\n\r\n\r\n\r\n<p style=\"text-align: left;\">Nav \u00fb Pa\u015fnav: Basil Hesen<\/p>\r\n\r\n\r\n\r\n<p style=\"text-align: left;\">Nav\u00ea dayik: Nadya<\/p>\r\n\r\n\r\n\r\n<p style=\"text-align: left;\">Nav\u00ea bav: N\u00eedal<\/p>\r\n\r\n\r\n\r\n<p style=\"text-align: left;\">Cih\u00ea jidayikb\u00fbn\u00ea: Efr\u00een-\u015e\u00earawa<\/p>\r\n\r\n\r\n\r\n<p dir=\"ltr\" style=\"text-align: left;\">Cih \u00fb d\u00eeroka \u015fehadet\u00ea: \u015eera | 16 Avr\u00eal 2021<\/p>\r\n\r\n\r\n\r\n<p style=\"text-align: left;\">\u00a0<\/p>\r\n\r\n\r\n\r\n<p style=\"text-align: left;\">R\u00eaheval Alan li \u015e\u00earawa di nav malbatek welatpar\u00eaz de mezin b\u00fb. Hest\u00ean welatpar\u00eaziy\u00ea di kesayeta xwe de zivirand zaneb\u00fbnek\u00ee \u00fb li ser v\u00ea esas\u00ea ji bo tol\u00ea ji dagirkeran bigire li sala 2019 an tevli nav ref\u00ean me b\u00fb. R\u00eaheval Alan her tim bi moral \u00fb co\u015feke mezin tevli kar \u00fb xebatan b\u00fb \u00fb hem\u00fb erk\u00ean ku diketin ser mil\u00ea w\u00ee bi azwer\u00ee \u00fb berpirsiyariyek mezin bic\u00eeh an\u00ee. Ev sekna xwe ya bibiryar heta k\u00ealiya daw\u00ee ya jiyana xwe parast \u00fb tevl\u00ee karwan\u00ea \u015feh\u00eed\u00ean azadiye b\u00fb. Em di \u015fexs\u00ea r\u00eaheval Alan de tevah\u00ee \u015feh\u00eed\u00ean xwe y\u00ean leheng bi r\u00eazdar\u00ee bib\u00eer t\u00eenin \u00fb ji malbat\u00ea \u015feh\u00eed\u00ea xwe \u00fb ji gel\u00ea xwe re sersaxiy\u00ea dixwazin.<\/p>\r\n\r\n\r\n\r\n<p style=\"text-align: left;\">\u00a0<\/p>\r\n\r\n\r\n\r\n<p style=\"text-align: left;\">H\u00eaz\u00ean Rizgariya Efr\u00een\u00ea<\/p>\r\n\r\n\r\n\r\n<p dir=\"ltr\" style=\"text-align: left;\">17 Avr\u00eal 2021<\/p>\r\n\r\n\r\n\r\n<p style=\"text-align: left;\">\u00a0<\/p>\r\n","protected":false},"excerpt":{"rendered":"<p>Di \u00e7alakiy\u00ean di navbera roj\u00ean 8-14\u00ea Avr\u00eal\u00ea de bi gi\u015ft\u00ee 8 \u00e7ete hatin ku\u015ftin, 19 \u00e7ete j\u00ee br\u00eendar b\u00fbn Ji \u00e7apemen\u00ee \u00fb raya gi\u015ft\u00ee re Li hember \u00eari\u015f\u00ean dewleta Tirk a dagirker \u00fb \u00e7etey\u00ean w\u00ea \u00e7alakiy\u00ean h\u00eaz\u00ean me berdewam dikin. Di v\u00ea \u00e7ar\u00e7ovey\u00ea de; Li roja 8\u00ea Avr\u00eal\u00ea, li gund\u00ea Hallubiy\u00ea ya nav\u00e7eya \u015eera, li &hellip;<\/p>\n","protected":false},"author":1,"featured_media":2219,"comment_status":"open","ping_status":"open","sticky":false,"template":"","format":"standard","meta":{"_jetpack_memberships_contains_paid_content":false,"footnotes":""},"categories":[26],"tags":[],"class_list":["post-2220","post","type-post","status-publish","format-standard","has-post-thumbnail","hentry","category-26"],"jetpack_featured_media_url":"https:\/\/hre-official.com\/wp-content\/uploads\/2023\/05\/IMG_20230522_234543_189.jpg","jetpack_sharing_enabled":true,"_links":{"self":[{"href":"https:\/\/hre-official.com\/index.php?rest_route=\/wp\/v2\/posts\/2220","targetHints":{"allow":["GET"]}}],"collection":[{"href":"https:\/\/hre-official.com\/index.php?rest_route=\/wp\/v2\/posts"}],"about":[{"href":"https:\/\/hre-official.com\/index.php?rest_route=\/wp\/v2\/types\/post"}],"author":[{"embeddable":true,"href":"https:\/\/hre-official.com\/index.php?rest_route=\/wp\/v2\/users\/1"}],"replies":[{"embeddable":true,"href":"https:\/\/hre-official.com\/index.php?rest_route=%2Fwp%2Fv2%2Fcomments&post=2220"}],"version-history":[{"count":0,"href":"https:\/\/hre-official.com\/index.php?rest_route=\/wp\/v2\/posts\/2220\/revisions"}],"wp:featuredmedia":[{"embeddable":true,"href":"https:\/\/hre-official.com\/index.php?rest_route=\/wp\/v2\/media\/2219"}],"wp:attachment":[{"href":"https:\/\/hre-official.com\/index.php?rest_route=%2Fwp%2Fv2%2Fmedia&parent=2220"}],"wp:term":[{"taxonomy":"category","embeddable":true,"href":"https:\/\/hre-official.com\/index.php?rest_route=%2Fwp%2Fv2%2Fcategories&post=2220"},{"taxonomy":"post_tag","embeddable":true,"href":"https:\/\/hre-official.com\/index.php?rest_route=%2Fwp%2Fv2%2Ftags&post=2220"}],"curies":[{"name":"wp","href":"https:\/\/api.w.org\/{rel}","templated":true}]}}