{"id":2217,"date":"2021-04-08T13:34:26","date_gmt":"2021-04-08T13:34:26","guid":{"rendered":"https:\/\/hre-official.com\/?p=2217"},"modified":"2023-05-29T15:50:09","modified_gmt":"2023-05-29T15:50:09","slug":"%d9%86%d9%81%d8%b0%d8%aa-%d9%82%d9%88%d8%a7%d8%aa%d9%86%d8%a7-%d8%b9%d8%af%d8%a9-%d8%b9%d9%85%d9%84%d9%8a%d8%a7%d8%aa-%d9%86%d9%88%d8%b9%d9%8a%d8%a9-%d8%b6%d8%af-%d8%ac%d9%8a%d8%b4-%d8%a7%d9%84%d8%a7","status":"publish","type":"post","link":"https:\/\/hre-official.com\/?p=2217","title":{"rendered":"\u0646\u0641\u0630\u062a \u0642\u0648\u0627\u062a\u0646\u0627 \u0639\u062f\u0629 \u0639\u0645\u0644\u064a\u0627\u062a \u0646\u0648\u0639\u064a\u0629 \u0636\u062f \u062c\u064a\u0634 \u0627\u0644\u0627\u062d\u062a\u0644\u0627\u0644 \u0627\u0644\u062a\u0631\u0643\u064a \u0641\u064a \u0631\u064a\u0641 \u0645\u062f\u064a\u0646\u0629 \u0639\u0641\u0631\u064a\u0646 \u0627\u0644\u0645\u062d\u062a\u0644\u0629"},"content":{"rendered":"\r\n<p dir=\"ltr\">Ji \u00e7apemen\u00ee \u00fb raya gi\u015ft\u00ee re <br \/>Art\u00ea\u015fa Tirk a dagirker di p\u00eavajoya Newroz\u00ea de, di ser\u00ee de her\u00eama \u015eera \u00fb \u015eerawa, gelek her\u00eaman bi dijwar\u00ee topbaran kir. H\u00eaz\u00ean me li hember v\u00ea di \u00e7ar\u00e7oveya bersivdayin\u00ea de gelek \u00e7alak\u00ee lidarxistin. Di v\u00ea \u00e7ar\u00e7ovey\u00ea de; <br \/>Li roja 19\u00ea Adar\u00ea, li taxa Ze\u00eediy\u00ea ya bajar\u00ea Efr\u00een\u00ea, di encama \u00e7alakiyek sabotaj\u00ea de, 2 \u00e7ete hatin ku\u015ftin, 1 \u00e7ete br\u00eendar b\u00fb. <br \/>Li roja 20\u00ea Adar\u00ea, li bajar\u00ea Efr\u00een\u00ea seyareyek \u00e7eteyan hat r\u00fbxandin. <br \/>Li roja 24\u00ea Adar\u00ea, li gund\u00ea Kizilba\u015f ya gir\u00eaday\u00ee Bilbil\u00ea, di encama \u00e7alakiyek sabotaj\u00ea de 2 \u00e7ete hatin ku\u015ftin, 1 \u00e7ete br\u00eendar b\u00fb. Herwiha seyareyek hat r\u00fbxandin. <br \/>Li roja 28\u00ea Adar\u00ea, li bajaroka Mar\u00ea li hember baregehek art\u00ea\u015fa Tirk a dagirker \u00e7alakiyek taybet hat lidarxistin. Di encama v\u00ea \u00e7alakiy\u00ea de; 4 le\u015fker hatin ku\u015ftin, 2 le\u015fker j\u00ee br\u00eendar b\u00fbn. Herwiha 2 noxtey\u00ean le\u015fkeran hatin r\u00fbxandin. <br \/>Li heman roj\u00ea, li gund\u00ea Celem\u00ea ya gir\u00eaday\u00ee Cindires\u00ea, di encama \u00e7alakiyek de \u00e7eteyek hat ku\u015ftin. <br \/>Li roja 7\u00ea Avr\u00eal\u00ea, li Mar\u00ea li hember baregehek din ya art\u00ea\u015fa Tirk a dagirker \u00e7alakiyek sabotaj\u00ea hat lidarxistin. Di encama v\u00ea \u00e7alakiy\u00ea de, 1 le\u015fker hat ku\u015ftin, 3 le\u015fker j\u00ee br\u00eendar b\u00fbn. Herwiha seyareyek kar hat r\u00fbxandin. <br \/>Topbaran\u00ean art\u00ea\u015fa Tirk a dagirker bi taybet\u00ee li roja 7\u00ea Avr\u00eal\u00ea pir dijwar b\u00fb \u00fb di encama v\u00ea topbaran\u00ea de zarok j\u00ee t\u00ea de gelek welatiy\u00ean siv\u00eel br\u00eendar b\u00fbn. Li hember v\u00ea yek\u00ea, h\u00eaz\u00ean me li roja 7\u00ea Avr\u00eal\u00ea \u00e7alakiyek taybet ya bersivdayin\u00ea lidarxistin. Ev \u00e7alak\u00ee li derdora gund\u00ea Gobel\u00ea ya Efr\u00een\u00ea li hember yekineyek kem\u00een\u00ea ya art\u00ea\u015fa Tirk a dagirker hat lidarxistin. Di encama v\u00ea \u00e7alakiy\u00ea de 4 le\u015fker hatin ku\u015ftin, 5 le\u015fker j\u00ee br\u00eendar b\u00fbn. <br \/>Di encama wan \u00e7alakiyan de bi gi\u015ft\u00ee; 5 \u00e7ete \u00fb 9 le\u015fker hatin ku\u015ftin, 2 \u00e7ete \u00fb 10 le\u015fker j\u00ee br\u00eendar b\u00fbn. <br \/>H\u00eaz\u00ean Rizgariya Efr\u00een\u00ea <br \/>08 Avr\u00eal 2021 <\/p>\r\n\r\n\r\n\r\n<p>\u0634\u0627\u0647\u062f \u0627\u0644\u0641\u064a\u062f\u064a\u0648 \u0639\u0628\u0631 \u0627\u0644\u0631\u0627\u0628\u0637 \u0627\u0644\u062a\u0627\u0644\u064a :<\/p>\r\n\r\n\r\n\r\n<p dir=\"ltr\"><a href=\"https:\/\/t.me\/HRE_official_kurdish\/637\">t.me\/HRE_official_kurdish\/637<\/a><\/p>\r\n","protected":false},"excerpt":{"rendered":"<p>Ji \u00e7apemen\u00ee \u00fb raya gi\u015ft\u00ee re Art\u00ea\u015fa Tirk a dagirker di p\u00eavajoya Newroz\u00ea de, di ser\u00ee de her\u00eama \u015eera \u00fb \u015eerawa, gelek her\u00eaman bi dijwar\u00ee topbaran kir. H\u00eaz\u00ean me li hember v\u00ea di \u00e7ar\u00e7oveya bersivdayin\u00ea de gelek \u00e7alak\u00ee lidarxistin. Di v\u00ea \u00e7ar\u00e7ovey\u00ea de; Li roja 19\u00ea Adar\u00ea, li taxa Ze\u00eediy\u00ea ya bajar\u00ea Efr\u00een\u00ea, di encama &hellip;<\/p>\n","protected":false},"author":1,"featured_media":2216,"comment_status":"open","ping_status":"open","sticky":false,"template":"","format":"standard","meta":{"_jetpack_memberships_contains_paid_content":false,"footnotes":""},"categories":[24,25],"tags":[],"class_list":["post-2217","post","type-post","status-publish","format-standard","has-post-thumbnail","hentry","category-24","category-25"],"jetpack_featured_media_url":"https:\/\/hre-official.com\/wp-content\/uploads\/2023\/05\/IMG_20230522_234440.jpg","jetpack_sharing_enabled":true,"_links":{"self":[{"href":"https:\/\/hre-official.com\/index.php?rest_route=\/wp\/v2\/posts\/2217","targetHints":{"allow":["GET"]}}],"collection":[{"href":"https:\/\/hre-official.com\/index.php?rest_route=\/wp\/v2\/posts"}],"about":[{"href":"https:\/\/hre-official.com\/index.php?rest_route=\/wp\/v2\/types\/post"}],"author":[{"embeddable":true,"href":"https:\/\/hre-official.com\/index.php?rest_route=\/wp\/v2\/users\/1"}],"replies":[{"embeddable":true,"href":"https:\/\/hre-official.com\/index.php?rest_route=%2Fwp%2Fv2%2Fcomments&post=2217"}],"version-history":[{"count":0,"href":"https:\/\/hre-official.com\/index.php?rest_route=\/wp\/v2\/posts\/2217\/revisions"}],"wp:featuredmedia":[{"embeddable":true,"href":"https:\/\/hre-official.com\/index.php?rest_route=\/wp\/v2\/media\/2216"}],"wp:attachment":[{"href":"https:\/\/hre-official.com\/index.php?rest_route=%2Fwp%2Fv2%2Fmedia&parent=2217"}],"wp:term":[{"taxonomy":"category","embeddable":true,"href":"https:\/\/hre-official.com\/index.php?rest_route=%2Fwp%2Fv2%2Fcategories&post=2217"},{"taxonomy":"post_tag","embeddable":true,"href":"https:\/\/hre-official.com\/index.php?rest_route=%2Fwp%2Fv2%2Ftags&post=2217"}],"curies":[{"name":"wp","href":"https:\/\/api.w.org\/{rel}","templated":true}]}}