{"id":2214,"date":"2021-03-19T14:30:17","date_gmt":"2021-03-19T14:30:17","guid":{"rendered":"https:\/\/hre-official.com\/?p=2214"},"modified":"2023-05-29T15:28:10","modified_gmt":"2023-05-29T15:28:10","slug":"%d8%a7%d8%b3%d8%aa%d8%b4%d9%87%d8%a7%d8%af-%d8%a7%d8%ad%d8%af-%d8%b1%d9%81%d8%a7%d9%82%d9%86%d8%a7-%d8%a7%d9%84%d8%b4%d9%87%d9%8a%d8%af%d8%a9-%d8%b1%d9%88%d9%83%d9%8a%d9%86-%d8%b2%d8%b1%d8%af%d8%b4","status":"publish","type":"post","link":"https:\/\/hre-official.com\/?p=2214","title":{"rendered":"\u0627\u0633\u062a\u0634\u0647\u0627\u062f \u0627\u062d\u062f \u0631\u0641\u0627\u0642\u0646\u0627 \u0627\u0644\u0634\u0647\u064a\u062f\u0629 \u0631\u0648\u0643\u064a\u0646 \u0632\u0631\u062f\u0634\u062a"},"content":{"rendered":"\r\n<p dir=\"ltr\" style=\"text-align: left;\">R\u00eahevala me R\u00fbken Zerde\u015ft di nav malbatek \u00cazid\u00ee de mezin b\u00fb. Bi \u00e7and \u00fb rihek welatpar\u00eaz kesayeta xwe avakir \u00fb h\u00earsa xwe y\u00ea li hember dijmin\u00ea dagirker her roj ge\u015ftir kir. R\u00eaheval R\u00fbken ku yekem \u015feh\u00eeda yekiney\u00ean \u015eeh\u00eed Avesta ye, di kesayeta xwe de xeta azadiya jin\u00ea esas girt \u00fb b\u00fb \u015fopdar\u00ea Avestayan. R\u00eaheval R\u00fbken di salvegera s\u00eayem\u00een a dagirkirina Efr\u00een\u00ea de car din ispat kir ku jiyana azad w\u00ea bi t\u00eako\u015f\u00een \u00fb berxwedaniya r\u00fbmet\u00ea mezin bibe \u00fb ji bo v\u00ea yek\u00ea di xeta \u015fer\u00ea gel \u00ea \u015fore\u015fger\u00ee de \u00e7i p\u00eaw\u00eest bike w\u00ea were kirin. \u00c7awa ku di Berxwedana Serdem\u00ea de sekna YPJ di kesayeta Avestayan de li tevah\u00ee c\u00eehan\u00ea hat belav kirin, \u00eero j\u00ee di kesayeta r\u00eaheval R\u00fbken de bi \u015fopdariya raman\u00ean Karker \u00fb Avestayan carek din diyar b\u00fb ku v\u00eena mezin ya azadiy\u00ea w\u00ea dagirkeran bin bixe. <br \/><br \/>Nasnameya r\u00eahevala me ya \u015feh\u00eed wiha ye; <br \/><br \/>Nasnav: R\u00fbken Zerde\u015ft <br \/>Nav \u00fb Pa\u015fnav: Gul\u00eestan Zuheyr \u00cebrah\u00eem <br \/>Nav\u00ea dayik: Hesna <br \/>Nav\u00ea bav: Zuheyr <br \/>Cih\u00ea jidayikb\u00fbn\u00ea: Efr\u00een-\u015e\u00earawa <br \/>Cih \u00fb d\u00eeroka \u015fehadet\u00ea: Efr\u00een | 17 Adar 2021 <br \/><br \/>Em di \u015fexs\u00ea r\u00eaheval R\u00fbken Zerde\u015ft de tevah\u00ee \u015feh\u00eed\u00ean xwe bi r\u00eazdar\u00ee bib\u00eer t\u00eenin \u00fb ji malbat\u00ea \u015feh\u00eeda xwe \u00fb ji gel\u00ea xwe re sersaxiy\u00ea dixwazin. Bi v\u00ea boney\u00ea soza azadiy\u00ea ku me daye gel\u00ea xwe \u00fb \u015feh\u00eed\u00ean xwe dubare dikin. <br \/><br \/>H\u00eaz\u00ean Rizgariya Efr\u00een\u00ea <br \/>19 Adar 2021 <\/p>\r\n\r\n\r\n\r\n<figure class=\"wp-block-image size-large\"><img loading=\"lazy\" decoding=\"async\" width=\"1024\" height=\"683\" class=\"wp-image-2210\" src=\"https:\/\/hre-official.com\/wp-content\/uploads\/2023\/05\/IMG_20230522_233913_122-1024x683.jpg\" alt=\"\" srcset=\"https:\/\/hre-official.com\/wp-content\/uploads\/2023\/05\/IMG_20230522_233913_122-1024x683.jpg 1024w, https:\/\/hre-official.com\/wp-content\/uploads\/2023\/05\/IMG_20230522_233913_122-300x200.jpg 300w, https:\/\/hre-official.com\/wp-content\/uploads\/2023\/05\/IMG_20230522_233913_122-768x512.jpg 768w, https:\/\/hre-official.com\/wp-content\/uploads\/2023\/05\/IMG_20230522_233913_122.jpg 1080w\" sizes=\"auto, (max-width: 1024px) 100vw, 1024px\" \/><\/figure>\r\n\r\n\r\n\r\n<figure class=\"wp-block-image\"><img loading=\"lazy\" decoding=\"async\" width=\"1024\" height=\"683\" class=\"wp-image-2211\" src=\"https:\/\/hre-official.com\/wp-content\/uploads\/2023\/05\/IMG_20230522_233914_689-1024x683.jpg\" alt=\"\" srcset=\"https:\/\/hre-official.com\/wp-content\/uploads\/2023\/05\/IMG_20230522_233914_689-1024x683.jpg 1024w, https:\/\/hre-official.com\/wp-content\/uploads\/2023\/05\/IMG_20230522_233914_689-300x200.jpg 300w, https:\/\/hre-official.com\/wp-content\/uploads\/2023\/05\/IMG_20230522_233914_689-768x512.jpg 768w, https:\/\/hre-official.com\/wp-content\/uploads\/2023\/05\/IMG_20230522_233914_689.jpg 1080w\" sizes=\"auto, (max-width: 1024px) 100vw, 1024px\" \/><\/figure>\r\n\r\n\r\n\r\n<figure class=\"wp-block-image\"><img loading=\"lazy\" decoding=\"async\" width=\"1024\" height=\"683\" class=\"wp-image-2212\" src=\"https:\/\/hre-official.com\/wp-content\/uploads\/2023\/05\/IMG_20230522_233915_861-1024x683.jpg\" alt=\"\" srcset=\"https:\/\/hre-official.com\/wp-content\/uploads\/2023\/05\/IMG_20230522_233915_861-1024x683.jpg 1024w, https:\/\/hre-official.com\/wp-content\/uploads\/2023\/05\/IMG_20230522_233915_861-300x200.jpg 300w, https:\/\/hre-official.com\/wp-content\/uploads\/2023\/05\/IMG_20230522_233915_861-768x512.jpg 768w, https:\/\/hre-official.com\/wp-content\/uploads\/2023\/05\/IMG_20230522_233915_861.jpg 1080w\" sizes=\"auto, (max-width: 1024px) 100vw, 1024px\" \/><\/figure>\r\n\r\n\r\n\r\n<p style=\"text-align: left;\">\u0634\u0627\u0647\u062f \u0627\u0644\u0641\u064a\u062f\u064a\u0648 \u0639\u0628\u0631 \u0627\u0644\u0631\u0627\u0628\u0637 \u0627\u0644\u062a\u0627\u0644\u064a :<\/p>\r\n\r\n\r\n\r\n<p style=\"text-align: left;\"><a href=\"https:\/\/t.me\/HRE_official_kurdish\/635\">t.me\/HRE_official_kurdish\/635<\/a><\/p>\r\n","protected":false},"excerpt":{"rendered":"<p>R\u00eahevala me R\u00fbken Zerde\u015ft di nav malbatek \u00cazid\u00ee de mezin b\u00fb. Bi \u00e7and \u00fb rihek welatpar\u00eaz kesayeta xwe avakir \u00fb h\u00earsa xwe y\u00ea li hember dijmin\u00ea dagirker her roj ge\u015ftir kir. R\u00eaheval R\u00fbken ku yekem \u015feh\u00eeda yekiney\u00ean \u015eeh\u00eed Avesta ye, di kesayeta xwe de xeta azadiya jin\u00ea esas girt \u00fb b\u00fb \u015fopdar\u00ea Avestayan. R\u00eaheval R\u00fbken &hellip;<\/p>\n","protected":false},"author":1,"featured_media":2213,"comment_status":"open","ping_status":"open","sticky":false,"template":"","format":"standard","meta":{"_jetpack_memberships_contains_paid_content":false,"footnotes":""},"categories":[26],"tags":[],"class_list":["post-2214","post","type-post","status-publish","format-standard","has-post-thumbnail","hentry","category-26"],"jetpack_featured_media_url":"https:\/\/hre-official.com\/wp-content\/uploads\/2023\/05\/IMG_20230522_233910_213.jpg","jetpack_sharing_enabled":true,"_links":{"self":[{"href":"https:\/\/hre-official.com\/index.php?rest_route=\/wp\/v2\/posts\/2214","targetHints":{"allow":["GET"]}}],"collection":[{"href":"https:\/\/hre-official.com\/index.php?rest_route=\/wp\/v2\/posts"}],"about":[{"href":"https:\/\/hre-official.com\/index.php?rest_route=\/wp\/v2\/types\/post"}],"author":[{"embeddable":true,"href":"https:\/\/hre-official.com\/index.php?rest_route=\/wp\/v2\/users\/1"}],"replies":[{"embeddable":true,"href":"https:\/\/hre-official.com\/index.php?rest_route=%2Fwp%2Fv2%2Fcomments&post=2214"}],"version-history":[{"count":0,"href":"https:\/\/hre-official.com\/index.php?rest_route=\/wp\/v2\/posts\/2214\/revisions"}],"wp:featuredmedia":[{"embeddable":true,"href":"https:\/\/hre-official.com\/index.php?rest_route=\/wp\/v2\/media\/2213"}],"wp:attachment":[{"href":"https:\/\/hre-official.com\/index.php?rest_route=%2Fwp%2Fv2%2Fmedia&parent=2214"}],"wp:term":[{"taxonomy":"category","embeddable":true,"href":"https:\/\/hre-official.com\/index.php?rest_route=%2Fwp%2Fv2%2Fcategories&post=2214"},{"taxonomy":"post_tag","embeddable":true,"href":"https:\/\/hre-official.com\/index.php?rest_route=%2Fwp%2Fv2%2Ftags&post=2214"}],"curies":[{"name":"wp","href":"https:\/\/api.w.org\/{rel}","templated":true}]}}