{"id":2202,"date":"2021-03-19T15:39:55","date_gmt":"2021-03-19T15:39:55","guid":{"rendered":"https:\/\/hre-official.com\/?p=2202"},"modified":"2023-05-29T15:50:29","modified_gmt":"2023-05-29T15:50:29","slug":"%d8%a5%d8%ac%d8%b1%d8%a7%d8%a1-%d8%b9%d9%85%d9%84%d9%8a%d8%a9-%d9%86%d9%88%d8%b9%d9%8a%d8%a9-%d8%b6%d8%af-%d9%85%d9%88%d9%82%d8%b9-%d9%82%d9%88%d8%a7%d8%aa-%d8%a7%d9%84%d8%a7%d8%ad%d8%aa%d9%84%d8%a7","status":"publish","type":"post","link":"https:\/\/hre-official.com\/?p=2202","title":{"rendered":"\u0625\u062c\u0631\u0627\u0621 \u0639\u0645\u0644\u064a\u0629 \u0646\u0648\u0639\u064a\u0629 \u0636\u062f \u0645\u0648\u0642\u0639 \u0642\u0648\u0627\u062a \u0627\u0644\u0627\u062d\u062a\u0644\u0627\u0644 \u0627\u0644\u062a\u0631\u0643\u064a \u0641\u064a \u0645\u062f\u064a\u0646\u0629 \u0639\u0641\u0631\u064a\u0646 \u0627\u0644\u0645\u062d\u062a\u0644\u0629."},"content":{"rendered":"\r\n<p dir=\"ltr\">Ji \u00e7apemen\u00ee \u00fb raya gi\u015ft\u00ee re <br \/><br \/>Bi boneya salvegera s\u00eayem\u00een a dagirkirina Efr\u00een\u00ea, ji aliy\u00ean h\u00eaz\u00ean me ve r\u00eaze\u00e7alak\u00ee hatin lidarxistin. Di v\u00ea \u00e7ar\u00e7ovey\u00ea de; <br \/><br \/>Li roja 14\u00ea Adar\u00ea, li taxa E\u015frefiy\u00ea a bajar\u00ea Efrin\u00ea, li hember koma \u00e7etey\u00ean dagirker a bi nav\u00ea Sultan Murad \u00e7alakiyek hat lidarxistin. Di encama v\u00ea \u00e7alakiy\u00ea de seyareyek hat ruxandin. <br \/><br \/>Li roja 16\u00ea Adar\u00ea, li her\u00eama Efin\u00ea li hember\u00ee \u00e7eperek \u00e7eteyan \u00e7alakiyek hat lidarxistin. Di encama v\u00ea \u00e7alakiy\u00ea de \u00e7eteyek hat ku\u015ftin. Br\u00eendar\u00ean dijmin hene l\u00ea di derbar\u00ea h\u00eajmara br\u00eendaran de agahiy\u00ean zelal nehatin bidestxistin. <br \/><br \/>Li heman roj\u00ea, li bajar\u00ea Efr\u00een\u00ea li ser r\u00eaya Cindir\u00eas\u00ea h\u00eaz\u00ean me li hember benda qontrol\u00ea ya \u00e7etey\u00ean dagirker \u00e7alakiyek\u00ee sabotaj\u00ea lidarxistin. Di encama v\u00ea \u00e7alakiy\u00ea de 2 \u00e7ete hatin ku\u015ftin, 5 \u00e7ete j\u00ee br\u00eendar b\u00fbn. Herwiha seyareyek \u00e7eteyan hat ruxandin. Li roja 17\u00ea Adar\u00ea, di navbera le\u015fker\u00ean dagirker \u00fb yekiney\u00ea me de p\u00eav\u00e7\u00fbn\u00ean dijwar qewim\u00een. Di v\u00ea p\u00eav\u00e7\u00fbn\u00ea de 2 heval\u00ean me d\u00eel ketin, hevala me R\u00fbken Zerde\u015ft j\u00ee di p\u00eav\u00e7\u00fbn\u00ea de br\u00eendar b\u00fb \u00fb ji bo ku d\u00eel nekeve bombey\u00ea xwe di xwe de teqand \u00fb gihi\u015ft \u015fehadet\u00ea. <br \/><br \/>Li roja 17\u00ea Adar\u00ea, li taxa Mahmudiy\u00ea a bajar\u00ea Efr\u00een\u00ea h\u00eaz\u00ean me li hember \u00e7etey\u00ean dagirker \u00e7alakiyek sabotaj\u00ea lidarxistin. Di encama v\u00ea \u00e7alakiy\u00ea de 2 \u00e7ete br\u00eendar b\u00fbn. <br \/><br \/>Li roja 18\u00ea Adar\u00ea, li her\u00eama Efr\u00een\u00ea h\u00eaz\u00ean me li hember baregehek art\u00ea\u015fa dagirker \u00e7alakiyek lidarxistin. Di encama v\u00ea \u00e7alakiy\u00ea de 2 le\u015fker hatin ku\u015ftin, 2 le\u015fker j\u00ee br\u00eendar b\u00fbn. <br \/><br \/><br \/>R\u00eahevala me R\u00fbken Zerde\u015ft di nav malbatek \u00cazid\u00ee de mezin b\u00fb. Bi \u00e7and \u00fb rihek welatpar\u00eaz kesayeta xwe avakir \u00fb h\u00earsa xwe y\u00ea li hember dijmin\u00ea dagirker her roj ge\u015ftir kir. R\u00eaheval R\u00fbken ku yekem \u015feh\u00eeda yekiney\u00ean \u015eeh\u00eed Avesta ye, di kesayeta xwe de xeta azadiya jin\u00ea esas girt \u00fb b\u00fb \u015fopdar\u00ea Avestayan. R\u00eaheval R\u00fbken di salvegera s\u00eayem\u00een a dagirkirina Efr\u00een\u00ea de car din ispat kir ku jiyana azad w\u00ea bi t\u00eako\u015f\u00een \u00fb berxwedaniya r\u00fbmet\u00ea mezin bibe \u00fb ji bo v\u00ea yek\u00ea di xeta \u015fer\u00ea gel \u00ea \u015fore\u015fger\u00ee de \u00e7i p\u00eaw\u00eest bike w\u00ea were kirin. \u00c7awa ku di Berxwedana Serdem\u00ea de sekna YPJ di kesayeta Avestayan de li tevah\u00ee c\u00eehan\u00ea hat belav kirin, \u00eero j\u00ee di kesayeta r\u00eaheval R\u00fbken de bi \u015fopdariya raman\u00ean Karker \u00fb Avestayan carek din diyar b\u00fb ku v\u00eena mezin ya azadiy\u00ea w\u00ea dagirkeran bin bixe. <br \/><br \/>Nasnameya r\u00eahevala me ya \u015feh\u00eed wiha ye; <br \/><br \/>Nasnav: R\u00fbken Zerde\u015ft <br \/>Nav \u00fb Pa\u015fnav: Gul\u00eestan Zuheyr \u00cebrah\u00eem <br \/>Nav\u00ea dayik: Hesna <br \/>Nav\u00ea bav: Zuheyr <br \/>Cih\u00ea jidayikb\u00fbn\u00ea: Efr\u00een-\u015e\u00earawa <br \/>Cih \u00fb d\u00eeroka \u015fehadet\u00ea: Efr\u00een | 17 Adar 2021 <br \/><br \/>Em di \u015fexs\u00ea r\u00eaheval R\u00fbken Zerde\u015ft de tevah\u00ee \u015feh\u00eed\u00ean xwe bi r\u00eazdar\u00ee bib\u00eer t\u00eenin \u00fb ji malbat\u00ea \u015feh\u00eeda xwe \u00fb ji gel\u00ea xwe re sersaxiy\u00ea dixwazin. Bi v\u00ea boney\u00ea soza azadiy\u00ea ku me daye gel\u00ea xwe \u00fb \u015feh\u00eed\u00ean xwe dubare dikin. <br \/><br \/>H\u00eaz\u00ean Rizgariya Efr\u00een\u00ea <br \/>19 Adar 2021<\/p>\r\n\r\n\r\n\r\n<p>\u0634\u0627\u0647\u062f \u0627\u0644\u0641\u064a\u062f\u064a\u0648 \u0639\u0628\u0631 \u0627\u0644\u0631\u0627\u0628\u0637 \u0627\u0644\u062a\u0627\u0644\u064a :<\/p>\r\n\r\n\r\n\r\n<p dir=\"ltr\">t.me\/HRE_official_kurdish\/630<\/p>\r\n","protected":false},"excerpt":{"rendered":"<p>Ji \u00e7apemen\u00ee \u00fb raya gi\u015ft\u00ee re Bi boneya salvegera s\u00eayem\u00een a dagirkirina Efr\u00een\u00ea, ji aliy\u00ean h\u00eaz\u00ean me ve r\u00eaze\u00e7alak\u00ee hatin lidarxistin. Di v\u00ea \u00e7ar\u00e7ovey\u00ea de; Li roja 14\u00ea Adar\u00ea, li taxa E\u015frefiy\u00ea a bajar\u00ea Efrin\u00ea, li hember koma \u00e7etey\u00ean dagirker a bi nav\u00ea Sultan Murad \u00e7alakiyek hat lidarxistin. Di encama v\u00ea \u00e7alakiy\u00ea de seyareyek hat &hellip;<\/p>\n","protected":false},"author":1,"featured_media":2201,"comment_status":"open","ping_status":"open","sticky":false,"template":"","format":"standard","meta":{"_jetpack_memberships_contains_paid_content":false,"footnotes":""},"categories":[24,25],"tags":[],"class_list":["post-2202","post","type-post","status-publish","format-standard","has-post-thumbnail","hentry","category-24","category-25"],"jetpack_featured_media_url":"https:\/\/hre-official.com\/wp-content\/uploads\/2023\/05\/Screenshot_2023-05-22-19-40-58-253-edit_org.telegram.messenger.jpg","jetpack_sharing_enabled":true,"_links":{"self":[{"href":"https:\/\/hre-official.com\/index.php?rest_route=\/wp\/v2\/posts\/2202","targetHints":{"allow":["GET"]}}],"collection":[{"href":"https:\/\/hre-official.com\/index.php?rest_route=\/wp\/v2\/posts"}],"about":[{"href":"https:\/\/hre-official.com\/index.php?rest_route=\/wp\/v2\/types\/post"}],"author":[{"embeddable":true,"href":"https:\/\/hre-official.com\/index.php?rest_route=\/wp\/v2\/users\/1"}],"replies":[{"embeddable":true,"href":"https:\/\/hre-official.com\/index.php?rest_route=%2Fwp%2Fv2%2Fcomments&post=2202"}],"version-history":[{"count":0,"href":"https:\/\/hre-official.com\/index.php?rest_route=\/wp\/v2\/posts\/2202\/revisions"}],"wp:featuredmedia":[{"embeddable":true,"href":"https:\/\/hre-official.com\/index.php?rest_route=\/wp\/v2\/media\/2201"}],"wp:attachment":[{"href":"https:\/\/hre-official.com\/index.php?rest_route=%2Fwp%2Fv2%2Fmedia&parent=2202"}],"wp:term":[{"taxonomy":"category","embeddable":true,"href":"https:\/\/hre-official.com\/index.php?rest_route=%2Fwp%2Fv2%2Fcategories&post=2202"},{"taxonomy":"post_tag","embeddable":true,"href":"https:\/\/hre-official.com\/index.php?rest_route=%2Fwp%2Fv2%2Ftags&post=2202"}],"curies":[{"name":"wp","href":"https:\/\/api.w.org\/{rel}","templated":true}]}}