{"id":2199,"date":"2021-01-19T15:29:30","date_gmt":"2021-01-19T15:29:30","guid":{"rendered":"https:\/\/hre-official.com\/?p=2199"},"modified":"2023-05-29T15:50:42","modified_gmt":"2023-05-29T15:50:42","slug":"%d8%ac%d8%a7%d9%86%d8%a8-%d9%85%d9%86-%d8%a7%d9%84%d8%b9%d9%85%d9%84%d9%8a%d8%a7%d8%aa-%d8%a7%d9%84%d8%b9%d8%b3%d9%83%d8%b1%d9%8a%d8%a9-%d9%84%d9%82%d9%88%d8%a7%d8%aa-%d8%aa%d8%ad%d8%b1%d9%8a%d8%b1","status":"publish","type":"post","link":"https:\/\/hre-official.com\/?p=2199","title":{"rendered":"\u062c\u0627\u0646\u0628 \u0645\u0646 \u0627\u0644\u0639\u0645\u0644\u064a\u0627\u062a \u0627\u0644\u0639\u0633\u0643\u0631\u064a\u0629 \u0644\u0642\u0648\u0627\u062a \u062a\u062d\u0631\u064a\u0631 \u0639\u0641\u0631\u064a\u0646 \u0644\u0639\u0627\u0645 2020"},"content":{"rendered":"\r\n<p dir=\"ltr\">Ji \u00e7apemen\u00ee \u00fb raya gi\u015ft\u00ee re! <br \/><br \/>Dewleta Tirk a dagirker di 20\u2019\u00ea \u00c7ileya 2018\u2019an de, bi hevkariya h\u00eaz\u00ean ku \u00e7av\u00ean xwe li hember\u00ee \u00ear\u00ee\u015fan girtin, \u00ear\u00ee\u015f\u00ean xwe li ser Efr\u00een\u00ea dan destp\u00eakirin. Li hember wan \u00ear\u00ee\u015f\u00ean ku bi her c\u00fbre \u00e7ek\u00ean giran, \u00ear\u00ee\u015f\u00ean heway\u00ee \u00fb tekn\u00eeka \u015fer a her\u00ee p\u00ea\u015fket\u00ee ya serdem\u00ea hat\u00ee kirin de, gel\u00ea me ji 7 sal\u00ee heya 70 sal\u00ee di nav berxwedan\u00ea de bi co\u015f \u00fb kelecanek mezin c\u00eeh girt, bi rol \u00fb m\u00eesyonek mezin li beramber\u00ea hov\u00eetiya Dewleta Tirk \u00fb \u00e7etey\u00ean gir\u00eaday\u00ea w\u00ee sekna xwe da raberkirin \u00fb berxwedaniyek b\u00eahempa da n\u00ee\u015fandan. Ji bo axa xwe, ji bo \u015feref \u00fb r\u00fbmeta xwe her aliy\u00ean civak\u00ea bi seknek\u00ee bi r\u00fbmet di nav v\u00ea t\u00eako\u015f\u00een\u00ea de cih\u00ea xwe girt \u00fb bedel\u00ean pir giranb\u00fbha \u00fb mezin da. <br \/>3 sal li ser dagirkirina Efr\u00een\u00ea re derbas b\u00fb. Di wan 3 salan de dewleta Tirk a dagirker bi her c\u00fbre p\u00eakan\u00een\u00ean dijmirovah\u00ee xwest ku li ser gel\u00ea her\u00eam\u00ea zext\u00ea \u00e7\u00eabike. D\u00eesa ji bo ku erdn\u00eegar\u00ee \u00fb d\u00eeroka her\u00eam\u00ea tune bike di nav hewldanan de ye. Dixwaze demografiya her\u00eam\u00ea biguher\u00eene \u00fb d\u00eeroka w\u00ea tune bike. L\u00ea li hember\u00ee wan p\u00eakan\u00een\u00ean dijmirovah\u00ee \u00eero gel\u00ea me y\u00ea ku li gund \u00fb nav\u00e7ey\u00ean bajar\u00ea Efr\u00een\u00ea dim\u00eene li hember\u00ee fa\u015fizm \u00fb hov\u00eetiya dewleta Tirk \u00fb \u00e7etey\u00ean w\u00ee bi seknek bi r\u00fbmet li ber xwe dide. Ji cewhera xwe, ji axa xwe, ji d\u00eeroka xwe qut nabin \u00fb ji bo v\u00ea yek\u00ea j\u00ee \u00e7i bedel p\u00eaw\u00eest bike t\u00ea dayin. Em dizanin ku pi\u015ft\u00ee dagirkirina nav\u00e7e, gund \u00fb bajar\u00ea Efr\u00een\u00ea gelek mirov\u00ean me ne\u00e7ar man ku li ser axa xwe bim\u00een\u00een. Devleta Tirk \u00fb \u00e7etey\u00ean gir\u00eaday\u00ea w\u00ee her roj li hember ke\u00e7, xort \u00fb ciwan\u00ean me y\u00ea li gund, nav\u00e7e \u00fb bajar\u00ea Efr\u00een\u00ea de mane ji bo ku v\u00eena wana tesl\u00eem bigirin \u00fb wan ji axa wana bidin ko\u00e7ber kirin hov\u00eet\u00eey\u00ean mezin li wan dikin. Ji bona v\u00ea yek\u00ea j\u00ee em dizanin ku her roj bi revandina mirov\u00ean me ya ku li gund \u00fb nav\u00e7ey\u00ean bajar\u00ea Efr\u00een\u00ea dim\u00eenin, dest day\u00eena ser mal \u00fb m\u00eelk\u00ea wana, talan, tecav\u00fbz, ku\u015ftin, \u015fantaj, destav\u00eat\u00een, hem\u00fb r\u00ea \u00fb r\u00eabaz\u00ea \u015fer\u00ea taybet t\u00ean kirin. Li hember\u00ee v\u00ea fa\u015f\u00eezma hey\u00ee em d\u00eezan\u00een gel\u00ea me y\u00ea ku di gund \u00fb nav\u00e7ey\u00ean bajar\u00ea Efr\u00een\u00ea de maye t\u00eako\u015f\u00een dikin, li beramber\u00ee tesl\u00eemgirtin\u00ea li ber xwe didin. D\u00eesa gel\u00ea me y\u00ea ku li her\u00eama \u015eehba, rexm\u00ea ku ewqas sal li ser dagirkirina Efr\u00een\u00ea derbas b\u00fb, bi h\u00eav\u00ee \u00fb kelecanek mezin, li benda rizgarkirina bajar\u00ea xwe ne. D\u00eesa gel\u00ea me y\u00ea ku li \u015eehba dim\u00eene ji ber topbaran \u00fb ambargoy\u00ean ku rej\u00eema S\u00fbr\u00ee \u00fb art\u00ea\u015fa Tirk a dagirker \u00fb \u00e7etey\u00ean w\u00ee didin me\u015fandin, di nav zor \u00fb zehmetiyek mezin de jiyan dikin. Rexm\u00ea v\u00ea yek\u00ea t\u00eako\u015f\u00eena xwe berdewam dikin \u00fb ser\u00ee li ber tu kes\u00ee natew\u00eenin \u00fb bi ruh\u00ea berwedana serdem\u00ea tev digerin. <br \/>Em weke zarok\u00ean gel\u00ea Efr\u00een\u00ea, weke H\u00eaz\u00ean Rizgariya Efr\u00een\u00ea, v\u00ea sekna gel\u00ea xwe weke tal\u00eemat \u00fb perspektifeke p\u00eeroz digirin dest \u00fb ji gel\u00ea xwe \u00fb \u015feh\u00eed\u00ean xwe h\u00eaz, kelecan \u00fb moralek mezin digirin. Ji roja ku \u00eari\u015f\u00ean dagirkirina Efr\u00een\u00ea destp\u00eakir heta niha berxwedana me berdewam dike \u00fb di sala n\u00fb de h\u00een b\u00eatir em \u00ea v\u00ea berxwedan\u00ea xurt bikin \u00fb em \u00ea bersiv\u00ean pir giran bidin m\u00eat\u00eeneger\u00ean ku axa me dagir kirine. Di v\u00ea berxwedan\u00ea de her \u00e7i qas ku h\u00ea j\u00ee, soza rizgarkirina Efr\u00een\u00ea ku me daye gel\u00ea xwe y\u00ea berxw\u00ead\u00ear \u00fb \u015feh\u00eed\u00ean xwe nehatibe p\u00eakan\u00een j\u00ee, gelek derb\u00ean giran li dagirkeran hatiye xistin \u00fb \u00e7alakiy\u00ean me her roj bi awayek xurtir berdewam dikin. Di v\u00ea berxwedan\u00ea de heta niha, li hember dagirkeran ji 400 z\u00eadetir \u00e7alak\u00ee hatin lidarxistin \u00fb di wan \u00e7alakiyan de ji 900 z\u00eadetir dagirker hatin ku\u015ftin \u00fb her\u00ee k\u00eam ewqas j\u00ee hatin bir\u00eendar kirin. D\u00eesa bi dehan seyare \u00fb cebilxaney\u00ean wan hatin r\u00fbxandin \u00fb desteserkirin. <br \/>Em weke H\u00eaz\u00ean Rizgariya Efr\u00een\u00ea bang li gel\u00ea xwe y\u00ea ku li gund \u00fb nav\u00e7ey\u00ean bajar\u00ea Efr\u00een, \u015eehba \u00fb y\u00ea ku ko\u00e7ber\u00ean dervey\u00ea welat b\u00fbne dikin ku ji bo em bajar\u00ea xwe ji dagirkeran rizgar bikin, k\u00ea li ku der\u00ea dibe bila bibe \u00fb ji dest\u00ea w\u00ee\/w\u00ea \u00e7i were bila bike. Di ser\u00ee de kes\u00ean ku s\u00eexurt\u00ee dikin, kes\u00ean ku ciwan\u00ean me direv\u00eenin, tecawiz li wan dikin, kes\u00ean ku diziy\u00ea dikin, kes\u00ean ku di nav civak\u00ea de ti\u015ft\u00ean neba\u015f dikin, li hember wan kesan div\u00ea herkes bi k\u00een, v\u00een \u00fb bi baweriyek mezin li beramber hov\u00eetiya Dewleta Tirk \u00fb \u00e7etey\u00ean w\u00ee \u00e7i mad\u00ee \u00e7i manev\u00ee dibe bila \u00e7alakiy\u00ean xwe di sala n\u00fb de xurttir bikin. Ji bona al\u00eekarb\u00fby\u00fbna h\u00eaza xwe di sala n\u00fb de div\u00ea herkes hedef \u00fb armancek dane p\u00ea\u015f\u00eeya xwe \u00fb w\u00eesa t\u00eako\u015f\u00een \u00fb berxwedaniya xwe \u00fb deng\u00ea xwe bilind bike. Di heman dem\u00ea de em bang li ciwan\u00ean xwe dikin ku werin tevli nava ref\u00ean H\u00eaz\u00ean Rizgariya Efr\u00een\u00ea bibin, em \u00ea di sala n\u00fb de bi sekn \u00fb \u00e7alakiy\u00ean xwe bersivek tund bidin dagirkeran \u00fb em \u00ea gel\u00ea xwe y\u00ea ku li gund \u00fb nav\u00e7ey\u00ean bajar\u00ea Efr\u00een\u00ea de dim\u00eene ji nav v\u00ea hov\u00eet\u00ee \u00fb zilma Dewleta Tirk \u00fb \u00e7etey\u00ean w\u00ea rizgar bikin. <br \/>P\u00eaw\u00eest e dagirkeran v\u00ea yek\u00ea ba\u015f bizanibin ku, di sala n\u00fb de \u00e7alak\u00ee \u00fb berxwedana me w\u00ea bi awayek\u00ee xurttir berdewam bike. Ji bo v\u00ea yek\u00ea \u00e7i bedel p\u00eaw\u00eest bike em amade ne ku bidin \u00fb em didin j\u00ee. Her \u00e7iqas \u00eero hem\u00fb c\u00eehan li hember\u00ee p\u00eakan\u00een\u00ean dijmirovah\u00ee ku di d\u00eerok\u00ea de hempay\u00ean w\u00ea k\u00eam in b\u00eadeng be j\u00ee, h\u00eaz \u00fb morala ku em ji berxwedaniya gel\u00ea xwe \u00fb ji \u015feh\u00eed\u00ean xwe digirin, w\u00ea me bibe serkeftin\u00ea. <br \/><br \/>H\u00eaz\u00ean Rizgariya Efr\u00een\u00ea <br \/>19 \u00c7ile 2021 <\/p>\r\n\r\n\r\n\r\n<p>\u0634\u0627\u0647\u062f \u0627\u0644\u0641\u064a\u062f\u064a\u0648 \u0639\u0628\u0631 \u0627\u0644\u0631\u0627\u0628\u0637 \u0627\u0644\u062a\u0627\u0644\u064a :<\/p>\r\n\r\n\r\n\r\n<p dir=\"ltr\"><a href=\"https:\/\/t.me\/HRE_official_kurdish\/628\">t.me\/HRE_official_kurdish\/628<\/a><\/p>\r\n","protected":false},"excerpt":{"rendered":"<p>Ji \u00e7apemen\u00ee \u00fb raya gi\u015ft\u00ee re! Dewleta Tirk a dagirker di 20\u2019\u00ea \u00c7ileya 2018\u2019an de, bi hevkariya h\u00eaz\u00ean ku \u00e7av\u00ean xwe li hember\u00ee \u00ear\u00ee\u015fan girtin, \u00ear\u00ee\u015f\u00ean xwe li ser Efr\u00een\u00ea dan destp\u00eakirin. Li hember wan \u00ear\u00ee\u015f\u00ean ku bi her c\u00fbre \u00e7ek\u00ean giran, \u00ear\u00ee\u015f\u00ean heway\u00ee \u00fb tekn\u00eeka \u015fer a her\u00ee p\u00ea\u015fket\u00ee ya serdem\u00ea hat\u00ee kirin de, &hellip;<\/p>\n","protected":false},"author":1,"featured_media":2198,"comment_status":"open","ping_status":"open","sticky":false,"template":"","format":"standard","meta":{"_jetpack_memberships_contains_paid_content":false,"footnotes":""},"categories":[24,25],"tags":[],"class_list":["post-2199","post","type-post","status-publish","format-standard","has-post-thumbnail","hentry","category-24","category-25"],"jetpack_featured_media_url":"https:\/\/hre-official.com\/wp-content\/uploads\/2023\/05\/Screenshot_2023-05-22-19-31-27-472-edit_org.telegram.messenger.jpg","jetpack_sharing_enabled":true,"_links":{"self":[{"href":"https:\/\/hre-official.com\/index.php?rest_route=\/wp\/v2\/posts\/2199","targetHints":{"allow":["GET"]}}],"collection":[{"href":"https:\/\/hre-official.com\/index.php?rest_route=\/wp\/v2\/posts"}],"about":[{"href":"https:\/\/hre-official.com\/index.php?rest_route=\/wp\/v2\/types\/post"}],"author":[{"embeddable":true,"href":"https:\/\/hre-official.com\/index.php?rest_route=\/wp\/v2\/users\/1"}],"replies":[{"embeddable":true,"href":"https:\/\/hre-official.com\/index.php?rest_route=%2Fwp%2Fv2%2Fcomments&post=2199"}],"version-history":[{"count":0,"href":"https:\/\/hre-official.com\/index.php?rest_route=\/wp\/v2\/posts\/2199\/revisions"}],"wp:featuredmedia":[{"embeddable":true,"href":"https:\/\/hre-official.com\/index.php?rest_route=\/wp\/v2\/media\/2198"}],"wp:attachment":[{"href":"https:\/\/hre-official.com\/index.php?rest_route=%2Fwp%2Fv2%2Fmedia&parent=2199"}],"wp:term":[{"taxonomy":"category","embeddable":true,"href":"https:\/\/hre-official.com\/index.php?rest_route=%2Fwp%2Fv2%2Fcategories&post=2199"},{"taxonomy":"post_tag","embeddable":true,"href":"https:\/\/hre-official.com\/index.php?rest_route=%2Fwp%2Fv2%2Ftags&post=2199"}],"curies":[{"name":"wp","href":"https:\/\/api.w.org\/{rel}","templated":true}]}}