{"id":2195,"date":"2021-01-04T17:35:57","date_gmt":"2021-01-04T17:35:57","guid":{"rendered":"https:\/\/hre-official.com\/?p=2195"},"modified":"2023-05-29T15:28:37","modified_gmt":"2023-05-29T15:28:37","slug":"%d8%a7%d8%b3%d8%aa%d8%b4%d9%87%d8%a7%d8%af-%d8%a7%d8%ad%d8%af-%d8%b1%d9%81%d8%a7%d9%82%d9%86%d8%a7-%d8%a7%d9%84%d8%b4%d9%87%d9%8a%d8%af-%d8%ba%d9%8a%d9%81%d8%a7%d8%b1%d8%a7-%d8%b9%d9%81%d8%b1%d9%8a","status":"publish","type":"post","link":"https:\/\/hre-official.com\/?p=2195","title":{"rendered":"\u0627\u0633\u062a\u0634\u0647\u0627\u062f \u0627\u062d\u062f \u0631\u0641\u0627\u0642\u0646\u0627 \u0627\u0644\u0634\u0647\u064a\u062f \u063a\u064a\u0641\u0627\u0631\u0627 \u0639\u0641\u0631\u064a\u0646"},"content":{"rendered":"<p><strong><\/strong><\/p>\r\n<p dir=\"ltr\">Em hevr\u00ea G\u00eevara Efr\u00een bi r\u00eazdar\u00ee bib\u00eer t\u00eenin<br \/><br \/>Ji \u00e7apemen\u00ee \u00fb raya gi\u015ft\u00ee re!<br \/><br \/>Di roja 2 y\u00ea \u00c7iley\u00ea de r\u00eaheval\u00ea me G\u00eevara Efr\u00een, di qonaxa duyem\u00een ya berxwedana Efr\u00een\u00ea de gih\u00ee\u015ft \u015fehadet\u00ea.<br \/><br \/>Hevr\u00ea G\u00eevara Efr\u00een, li Efr\u00een\u00ea di nav malbatek welatpar\u00eaz de ji day\u00eek b\u00fb. Di t\u00eako\u015f\u00eena me ya li hember dagirkeriy\u00ea de heta k\u00ealiya daw\u00ee cih\u00ea xwe girt \u00fb b\u00fb \u015fervanek\u00ee r\u00fbmet\u00ea. Hevr\u00ea G\u00eevara, bi \u015fore\u015fa azad\u00ee \u00fb demokrasiya gelan bi azwer\u00ee \u00fb dilsoziyek mezin bawer kir, li hember her cure pa\u015fver\u00fbtiy\u00ea bi biryar sekin\u00ee \u00fb tevl\u00ee karwan\u00ea \u015feh\u00eedan b\u00fb.<br \/><br \/>Nasnav: G\u00eevara Efr\u00een<\/p>\r\n\r\n\r\n\r\n<p dir=\"ltr\">Nav \u00fb Pa\u015fnav: B\u00eelal Hemkaw\u00ee<\/p>\r\n\r\n\r\n\r\n<p dir=\"ltr\">Nav\u00ea Dayik\u00ea: Necah<\/p>\r\n\r\n\r\n\r\n<p dir=\"ltr\">Nav\u00ea Bav: Cemal<\/p>\r\n\r\n\r\n\r\n<p dir=\"ltr\">Cih\u00ea Ji Dayikb\u00fbn\u00ea: Efrin<\/p>\r\n\r\n\r\n\r\n<p dir=\"ltr\">Cih \u00fb D\u00eeroka \u015eehadet\u00ea: Qonaxa duyem\u00een ya berxwedana Efr\u00een\u00ea | 02 \u00c7ile 2021<br \/><br \/>Em di \u015fexs\u00ea hevr\u00ea G\u00eevara de tevah\u00ee \u015feh\u00eed\u00ean leheng bi r\u00eazdar\u00ee bib\u00eer t\u00eenin. Ji malbata \u015feh\u00eed\u00ea xwe \u00fb ji hem\u00fb gel\u00ea xwe re sersaxiy\u00ea dixwazin.<br \/><br \/>H\u00eaz\u00ean Rizgariya Efr\u00een\u00ea<br \/>04 \u00c7ile 2021<\/p>\r\n","protected":false},"excerpt":{"rendered":"<p>Em hevr\u00ea G\u00eevara Efr\u00een bi r\u00eazdar\u00ee bib\u00eer t\u00eeninJi \u00e7apemen\u00ee \u00fb raya gi\u015ft\u00ee re!Di roja 2 y\u00ea \u00c7iley\u00ea de r\u00eaheval\u00ea me G\u00eevara Efr\u00een, di qonaxa duyem\u00een ya berxwedana Efr\u00een\u00ea de gih\u00ee\u015ft \u015fehadet\u00ea.Hevr\u00ea G\u00eevara Efr\u00een, li Efr\u00een\u00ea di nav malbatek welatpar\u00eaz de ji day\u00eek b\u00fb. Di t\u00eako\u015f\u00eena me ya li hember dagirkeriy\u00ea de heta k\u00ealiya daw\u00ee cih\u00ea &hellip;<\/p>\n","protected":false},"author":1,"featured_media":2197,"comment_status":"open","ping_status":"open","sticky":false,"template":"","format":"standard","meta":{"_jetpack_memberships_contains_paid_content":false,"footnotes":""},"categories":[26],"tags":[],"class_list":["post-2195","post","type-post","status-publish","format-standard","has-post-thumbnail","hentry","category-26"],"jetpack_featured_media_url":"https:\/\/hre-official.com\/wp-content\/uploads\/2023\/05\/IMG_20230522_192623_626.jpg","jetpack_sharing_enabled":true,"_links":{"self":[{"href":"https:\/\/hre-official.com\/index.php?rest_route=\/wp\/v2\/posts\/2195","targetHints":{"allow":["GET"]}}],"collection":[{"href":"https:\/\/hre-official.com\/index.php?rest_route=\/wp\/v2\/posts"}],"about":[{"href":"https:\/\/hre-official.com\/index.php?rest_route=\/wp\/v2\/types\/post"}],"author":[{"embeddable":true,"href":"https:\/\/hre-official.com\/index.php?rest_route=\/wp\/v2\/users\/1"}],"replies":[{"embeddable":true,"href":"https:\/\/hre-official.com\/index.php?rest_route=%2Fwp%2Fv2%2Fcomments&post=2195"}],"version-history":[{"count":0,"href":"https:\/\/hre-official.com\/index.php?rest_route=\/wp\/v2\/posts\/2195\/revisions"}],"wp:featuredmedia":[{"embeddable":true,"href":"https:\/\/hre-official.com\/index.php?rest_route=\/wp\/v2\/media\/2197"}],"wp:attachment":[{"href":"https:\/\/hre-official.com\/index.php?rest_route=%2Fwp%2Fv2%2Fmedia&parent=2195"}],"wp:term":[{"taxonomy":"category","embeddable":true,"href":"https:\/\/hre-official.com\/index.php?rest_route=%2Fwp%2Fv2%2Fcategories&post=2195"},{"taxonomy":"post_tag","embeddable":true,"href":"https:\/\/hre-official.com\/index.php?rest_route=%2Fwp%2Fv2%2Ftags&post=2195"}],"curies":[{"name":"wp","href":"https:\/\/api.w.org\/{rel}","templated":true}]}}