{"id":2193,"date":"2021-01-01T15:46:06","date_gmt":"2021-01-01T15:46:06","guid":{"rendered":"https:\/\/hre-official.com\/?p=2193"},"modified":"2023-05-29T15:50:47","modified_gmt":"2023-05-29T15:50:47","slug":"%d9%86%d8%aa%d8%a7%d8%a6%d8%ac-%d9%85%d9%82%d8%a7%d9%88%d9%85%d8%a9-2020-%d9%84%d9%82%d9%88%d8%a7%d8%aa-%d8%aa%d8%ad%d8%b1%d9%8a%d8%b1-%d8%b9%d9%81%d8%b1%d9%8a%d9%86","status":"publish","type":"post","link":"https:\/\/hre-official.com\/?p=2193","title":{"rendered":"\u0646\u062a\u0627\u0626\u062c \u0645\u0642\u0627\u0648\u0645\u0629 2020 \u0644\u0642\u0648\u0627\u062a \u062a\u062d\u0631\u064a\u0631 \u0639\u0641\u0631\u064a\u0646"},"content":{"rendered":"\r\n<p dir=\"ltr\">Encam\u00ean berxwedana sala 2020an a H\u00eaz\u00ean Rizgariya Efr\u00een\u00ea <br \/><br \/>Dewleta Tirk a dagirker pi\u015ft\u00ea dagirkirina Efr\u00een\u00ea, li hember\u00ee gel\u00ea me her c\u00fbre p\u00eakan\u00een\u00ean dermirovah\u00ee wek\u00ee ku\u015ftin, revandin, as\u00eem\u00eelekirin, qirkirin \u00fb hwd da me\u015fandin \u00fb b\u00eanavber dide me\u015fandin. Di aliyek de demografyaya Efr\u00een\u00ea diguher\u00eene, di aliy\u00ea din de j\u00ee hewl dide ku xweza \u00fb d\u00eeroka Efr\u00een\u00ea tune bike. Her roj bi topbaran\u00ean dijwar gel\u00ea her\u00eam\u00ea \u00fb xwezaya her\u00eam\u00ea t\u00ea hedef girtin. Gel\u00ea ku ji ber dagirkeriya dewleta Tirk ji cih\u00fbwar\u00ea xwe ko\u00e7ber b\u00fbn\u00ea, d\u00eesa bi her cure qirkirinan ve r\u00fbbir\u00fb dim\u00eenin. <br \/>Li hember\u00ee wan p\u00eakan\u00een\u00ean dewleta Tirk a dagirker \u00fb \u00e7etey\u00ean w\u00ea, di sala 2020 an de \u00e7alakiy\u00ean me y\u00ean tolhildan\u00ea benavber berdewam kirin. Encam\u00ean \u00e7alakiy\u00ean me wiha ne; <br \/><br \/>H\u00eaz\u00ean me di sala 2020an de li hember art\u00ea\u015fa dagirker \u00fb kom\u00ean \u00e7ete, bi gi\u015ft\u00ee 153 \u00e7alak\u00ee li dar xistin. Di van \u00e7alakiyan de <br \/><br \/>&#8211; 265 \u00e7ete \u00fb le\u015fker hatin ku\u015ftin. <br \/>&#8211; Ji van 235 kes ji kom\u00ean \u00e7ete, 30 kes ji art\u00ea\u015fa Tirk a dagirker in. <br \/><br \/>&#8211; 214 \u00e7ete \u00fb le\u015fker hatin br\u00eendarkirin. <br \/>&#8211; Ji van 172 kes ji kom\u00ean \u00e7ete, 42 kes ji art\u00ea\u015fa Tirk a dagirker in. <br \/><br \/><br \/>H\u00eaz\u00ean me di van \u00e7alakiyan de bi gi\u015ft\u00ee; <br \/><br \/>12 \u00e7ek\u00ean AK-47 \u00fb gelek jarjor \u00fb f\u00ee\u015fek\u00ean w\u00ea, 1 \u00e7eka M-16, 2 \u00e7ek\u00ean A4, 2 \u00e7ek\u00ean BKC, 1 roketav\u00eaja RPG 7, 1 \u00e7eka sekvaniy\u00ea, 1 MPT 76, 2 termal, 3 b\u00eat\u00eal, 1 kamera, 5 telefon, 1 c\u00eehaza mesafe dip\u00eeve, 1 durb\u00eena \u015fev\u00ea, 1 d\u00fbrb\u00eena roj\u00ea, herwiha dokuman\u00ean r\u00eaxistin\u00ee \u00fb alav\u00ean le\u015fker\u00ee desteserkirin. <br \/><br \/>Di heman dem\u00ea de 35 seyare, 3 do\u00e7ka \u00fb 2 drone hatin r\u00fbxandin. Tang \u00fb seyarey\u00ean zirx\u00ee ji di nav de 11 seyare j\u00ee hatin derbkirin. <br \/><br \/>Art\u00ea\u015fa dagirker di sala 2020 an de 375 caran her\u00eam\u00ea topbaran kir. Di wan topbaranan de 7 meden\u00ee \u015fehid ketin \u00fb zarok j\u00ee di nav de 14 meden\u00ee j\u00ee br\u00eendar b\u00fbn. Herwiha \u00e7etey\u00ean dagirker 2 caran \u00eari\u015f\u00ea bejah\u00ee lidarxistin. <br \/><br \/>Di \u00eari\u015f\u00ean art\u00ea\u015fa dagirker \u00fb kom\u00ean \u00e7ete de 20 r\u00eaheval\u00ean me gihi\u015ftin \u015fehadet\u00ea. <br \/><br \/>H\u00eaz\u00ean Rizgariya Efr\u00een\u00ea <br \/>01 \u00c7ile 2021 <\/p>\r\n","protected":false},"excerpt":{"rendered":"<p>Encam\u00ean berxwedana sala 2020an a H\u00eaz\u00ean Rizgariya Efr\u00een\u00ea Dewleta Tirk a dagirker pi\u015ft\u00ea dagirkirina Efr\u00een\u00ea, li hember\u00ee gel\u00ea me her c\u00fbre p\u00eakan\u00een\u00ean dermirovah\u00ee wek\u00ee ku\u015ftin, revandin, as\u00eem\u00eelekirin, qirkirin \u00fb hwd da me\u015fandin \u00fb b\u00eanavber dide me\u015fandin. Di aliyek de demografyaya Efr\u00een\u00ea diguher\u00eene, di aliy\u00ea din de j\u00ee hewl dide ku xweza \u00fb d\u00eeroka Efr\u00een\u00ea tune &hellip;<\/p>\n","protected":false},"author":1,"featured_media":2192,"comment_status":"open","ping_status":"open","sticky":false,"template":"","format":"standard","meta":{"_jetpack_memberships_contains_paid_content":false,"footnotes":""},"categories":[24],"tags":[],"class_list":["post-2193","post","type-post","status-publish","format-standard","has-post-thumbnail","hentry","category-24"],"jetpack_featured_media_url":"https:\/\/hre-official.com\/wp-content\/uploads\/2023\/05\/IMG_20230412_001330-1.jpg","jetpack_sharing_enabled":true,"_links":{"self":[{"href":"https:\/\/hre-official.com\/index.php?rest_route=\/wp\/v2\/posts\/2193","targetHints":{"allow":["GET"]}}],"collection":[{"href":"https:\/\/hre-official.com\/index.php?rest_route=\/wp\/v2\/posts"}],"about":[{"href":"https:\/\/hre-official.com\/index.php?rest_route=\/wp\/v2\/types\/post"}],"author":[{"embeddable":true,"href":"https:\/\/hre-official.com\/index.php?rest_route=\/wp\/v2\/users\/1"}],"replies":[{"embeddable":true,"href":"https:\/\/hre-official.com\/index.php?rest_route=%2Fwp%2Fv2%2Fcomments&post=2193"}],"version-history":[{"count":0,"href":"https:\/\/hre-official.com\/index.php?rest_route=\/wp\/v2\/posts\/2193\/revisions"}],"wp:featuredmedia":[{"embeddable":true,"href":"https:\/\/hre-official.com\/index.php?rest_route=\/wp\/v2\/media\/2192"}],"wp:attachment":[{"href":"https:\/\/hre-official.com\/index.php?rest_route=%2Fwp%2Fv2%2Fmedia&parent=2193"}],"wp:term":[{"taxonomy":"category","embeddable":true,"href":"https:\/\/hre-official.com\/index.php?rest_route=%2Fwp%2Fv2%2Fcategories&post=2193"},{"taxonomy":"post_tag","embeddable":true,"href":"https:\/\/hre-official.com\/index.php?rest_route=%2Fwp%2Fv2%2Ftags&post=2193"}],"curies":[{"name":"wp","href":"https:\/\/api.w.org\/{rel}","templated":true}]}}