{"id":2190,"date":"2020-12-17T16:45:39","date_gmt":"2020-12-17T16:45:39","guid":{"rendered":"https:\/\/hre-official.com\/?p=2190"},"modified":"2023-05-29T15:29:15","modified_gmt":"2023-05-29T15:29:15","slug":"%d8%a7%d8%b3%d8%aa%d8%b4%d9%87%d8%a7%d8%af-%d8%a7%d8%ad%d8%af-%d8%b1%d9%81%d8%a7%d9%82%d9%86%d8%a7-%d8%a7%d9%84%d8%b4%d9%87%d9%8a%d8%af-%d8%b2%d9%86%d8%a7%d8%b1-%d8%ac%d8%a8%d8%a7%d8%b1","status":"publish","type":"post","link":"https:\/\/hre-official.com\/?p=2190","title":{"rendered":"\u0627\u0633\u062a\u0634\u0647\u0627\u062f \u0627\u062d\u062f \u0631\u0641\u0627\u0642\u0646\u0627 \u0627\u0644\u0634\u0647\u064a\u062f \u0632\u0646\u0627\u0631 \u062c\u0628\u0627\u0631"},"content":{"rendered":"<p><strong><\/strong><\/p>\r\n<p dir=\"ltr\" style=\"text-align: left;\">Em r\u00eaheval\u00ean xwe Brusk \u015eehba \u00fb Zinar Gabar bi r\u00eazdar\u00ee bib\u00eer t\u00eenin<br \/><br \/>Ji \u00e7apemen\u00ee \u00fb raya gi\u015ft\u00ee re!<br \/><br \/>Li roja 15\u00ea Kan\u00fbn\u00ea li her\u00eama Efr\u00een\u00ea di encama p\u00eav\u00e7\u00fbn\u00ea ku di navbera h\u00eaz\u00ean me \u00fb le\u015fker\u00ean Tirk a dagirker de qewim\u00ee de, du heval\u00ean me gihi\u015ftin asta \u015fehadet\u00ea.<\/p>\r\n\r\n\r\n\r\n<p dir=\"ltr\" style=\"text-align: left;\">R\u00eaheval\u00ean me Brusk \u015eehba \u00fb Zinar Efr\u00een,\u00a0 ji roja ku tevl\u00ee b\u00fbn heta k\u00ealiya daw\u00ee, li hember\u00ee dagirkeran bi rihek feday\u00ee t\u00eako\u015f\u00een kirin \u00fb ti car pa\u015f de gav neav\u00eatin. Her tim bi fedakariyek mezin erk \u00fb berpirsiyar\u00ean xwe bi c\u00eeh an\u00een. Ti car dagirkeriy\u00ea \u00fb zext \u00fb zordariy\u00ean ku li ser gel\u00ea me t\u00ea me\u015fandin qebul nekirin \u00fb li hember\u00ea v\u00ea yek\u00ea di \u00e7epera p\u00ea\u015f de teko\u015f\u00een dan me\u015fandin. Em wek H\u00eaz\u00ean Rizgariya Efr\u00een\u00ea (HRE) destn\u00ee\u015fan dikin ku em\u00ea tola \u015feh\u00eed\u00ean xwe rakin \u00fb hesab\u00ea ji dagirkeran bipirsin. Em di \u015fexs\u00ea r\u00eaheval Brusk \u00fb r\u00eaheval Zinar de tevah\u00ee \u015feh\u00eed\u00ean xwe bi r\u00eazdar\u00ee bib\u00eer t\u00eenin, ji malbat\u00ean \u015feh\u00eed\u00ean xwe \u00fb gel\u00ea xwe re sersaxiy\u00ea dixwazin.<br \/><br \/><br \/>Nasnamey\u00ean heval\u00ean me y\u00ean \u015feh\u00eed wiha ne;<br \/><br \/>Nasnav: Brusk \u015eehba<\/p>\r\n\r\n\r\n\r\n<p style=\"text-align: left;\">Nav \u00fb Pa\u015fnav: Mustafa Muslim<\/p>\r\n\r\n\r\n\r\n<p style=\"text-align: left;\">Nav\u00ea Dayik\u00ea: Fatma<\/p>\r\n\r\n\r\n\r\n<p style=\"text-align: left;\">Nav\u00ea Bav: Nuh<\/p>\r\n\r\n\r\n\r\n<p style=\"text-align: left;\">Cih \u00fb D\u00eeroka \u015eehadet\u00ea: Qonaxa duyem\u00een a berxwedana Efr\u00een\u00ea \/ 15\u00ea Kan\u00fbn\u00ea 2020<br \/><br \/><\/p>\r\n\r\n\r\n\r\n<p style=\"text-align: left;\">Nasnav: Zinar Gabar<\/p>\r\n\r\n\r\n\r\n<p style=\"text-align: left;\">Nav \u00fb Pa\u015fnav: Mihemed Hebe\u015f<\/p>\r\n\r\n\r\n\r\n<p style=\"text-align: left;\">Nav\u00ea Dayik\u00ea: Neb\u00eehe<\/p>\r\n\r\n\r\n\r\n<p style=\"text-align: left;\">Nav\u00ea Bav: \u00cezet<\/p>\r\n\r\n\r\n\r\n<p style=\"text-align: left;\">Cih \u00fb D\u00eeroka \u015eehadet\u00ea: Qonaxa duyem\u00een a berxwedana Efr\u00een\u00ea \/ 15\u00ea Kan\u00fbn\u00ea 2020<\/p>\r\n\r\n\r\n\r\n<p style=\"text-align: left;\">\u00a0<\/p>\r\n\r\n\r\n\r\n<p style=\"text-align: left;\">H\u00eaz\u00ean Rizgariya Efr\u00een\u00ea | 17 Kan\u00fbn 2020<br \/><br \/><br \/><\/p>\r\n","protected":false},"excerpt":{"rendered":"<p>Em r\u00eaheval\u00ean xwe Brusk \u015eehba \u00fb Zinar Gabar bi r\u00eazdar\u00ee bib\u00eer t\u00eeninJi \u00e7apemen\u00ee \u00fb raya gi\u015ft\u00ee re!Li roja 15\u00ea Kan\u00fbn\u00ea li her\u00eama Efr\u00een\u00ea di encama p\u00eav\u00e7\u00fbn\u00ea ku di navbera h\u00eaz\u00ean me \u00fb le\u015fker\u00ean Tirk a dagirker de qewim\u00ee de, du heval\u00ean me gihi\u015ftin asta \u015fehadet\u00ea. R\u00eaheval\u00ean me Brusk \u015eehba \u00fb Zinar Efr\u00een,\u00a0 ji roja ku &hellip;<\/p>\n","protected":false},"author":1,"featured_media":2189,"comment_status":"open","ping_status":"open","sticky":false,"template":"","format":"standard","meta":{"_jetpack_memberships_contains_paid_content":false,"footnotes":""},"categories":[26],"tags":[],"class_list":["post-2190","post","type-post","status-publish","format-standard","has-post-thumbnail","hentry","category-26"],"jetpack_featured_media_url":"https:\/\/hre-official.com\/wp-content\/uploads\/2023\/05\/IMG_20230522_192328_862.jpg","jetpack_sharing_enabled":true,"_links":{"self":[{"href":"https:\/\/hre-official.com\/index.php?rest_route=\/wp\/v2\/posts\/2190","targetHints":{"allow":["GET"]}}],"collection":[{"href":"https:\/\/hre-official.com\/index.php?rest_route=\/wp\/v2\/posts"}],"about":[{"href":"https:\/\/hre-official.com\/index.php?rest_route=\/wp\/v2\/types\/post"}],"author":[{"embeddable":true,"href":"https:\/\/hre-official.com\/index.php?rest_route=\/wp\/v2\/users\/1"}],"replies":[{"embeddable":true,"href":"https:\/\/hre-official.com\/index.php?rest_route=%2Fwp%2Fv2%2Fcomments&post=2190"}],"version-history":[{"count":0,"href":"https:\/\/hre-official.com\/index.php?rest_route=\/wp\/v2\/posts\/2190\/revisions"}],"wp:featuredmedia":[{"embeddable":true,"href":"https:\/\/hre-official.com\/index.php?rest_route=\/wp\/v2\/media\/2189"}],"wp:attachment":[{"href":"https:\/\/hre-official.com\/index.php?rest_route=%2Fwp%2Fv2%2Fmedia&parent=2190"}],"wp:term":[{"taxonomy":"category","embeddable":true,"href":"https:\/\/hre-official.com\/index.php?rest_route=%2Fwp%2Fv2%2Fcategories&post=2190"},{"taxonomy":"post_tag","embeddable":true,"href":"https:\/\/hre-official.com\/index.php?rest_route=%2Fwp%2Fv2%2Ftags&post=2190"}],"curies":[{"name":"wp","href":"https:\/\/api.w.org\/{rel}","templated":true}]}}