{"id":2184,"date":"2020-12-12T20:21:49","date_gmt":"2020-12-12T20:21:49","guid":{"rendered":"https:\/\/hre-official.com\/?p=2184"},"modified":"2023-05-29T15:30:32","modified_gmt":"2023-05-29T15:30:32","slug":"%d8%a7%d8%b3%d8%aa%d8%b4%d9%87%d8%a7%d8%af-%d8%a7%d8%ad%d8%af-%d8%b1%d9%81%d8%a7%d9%82%d9%86%d8%a7-%d8%a7%d9%84%d8%b4%d9%87%d9%8a%d8%af-%d8%b9%d8%a8%d8%af%d8%a7%d9%84%d8%ad%d9%85%d9%8a%d8%af-%d8%a5","status":"publish","type":"post","link":"https:\/\/hre-official.com\/?p=2184","title":{"rendered":"\u0627\u0633\u062a\u0634\u0647\u0627\u062f \u0627\u062d\u062f \u0631\u0641\u0627\u0642\u0646\u0627 \u0627\u0644\u0634\u0647\u064a\u062f \u0639\u0628\u062f\u0627\u0644\u062d\u0645\u064a\u062f \u0625\u0633\u0645\u0627\u0639\u064a\u0644"},"content":{"rendered":"<p><strong><\/strong><\/p>\r\n<p dir=\"ltr\" style=\"text-align: left;\">Em r\u00eaheval\u00ea xwe Ebdilhem\u00eed \u00cesma\u00eel bi r\u00eazdar\u00ee bib\u00eer t\u00eenin<\/p>\r\n\r\n\r\n\r\n<p style=\"text-align: left;\">\u00a0<\/p>\r\n\r\n\r\n\r\n<p dir=\"ltr\" style=\"text-align: left;\">Ji \u00e7apemen\u00ee \u00fb raya gi\u015ft\u00ee re!<\/p>\r\n\r\n\r\n\r\n<p style=\"text-align: left;\">\u00a0<\/p>\r\n\r\n\r\n\r\n<p dir=\"ltr\" style=\"text-align: left;\">R\u00eaheval\u00ea me Ebdilhem\u00eed \u00cesma\u00eel, li roja 9\u00ea Kan\u00fbn\u00ea, di encama nexwe\u015fiy\u00ea de \u015feh\u00eed ket.Hevr\u00ea Ebdilhem\u00eed \u00cesma\u00eel, rexm\u00ea temen\u00ea xwe y\u00ea mezin, li hember\u00ee dagirkeriy\u00ea b\u00ea helwest nema \u00fb di sala 2019 an de tevl\u00ee ref\u00ean me b\u00fb. Bi v\u00ea sekna xwe y\u00ea h\u00eaja \u00fb bir\u00fbmet cardin \u00eespat kir ku, b\u00eay\u00ee ku mirov ji bo azadiy\u00ea t\u00eako\u015f\u00een bide, tu wateya jiyan\u00ea n\u00een e. \u00db bi v\u00ea n\u00eazikatiy\u00ea ve bi azwer\u00ee \u00fb co\u015feke mezin tevl\u00ee kar \u00fb xebatan b\u00fb. Her tim bi sekna xwe y\u00ea kedkar ji bo r\u00eaheval\u00ean xwe b\u00fb m\u00eenak. \u00a0<\/p>\r\n\r\n\r\n\r\n<p dir=\"ltr\" style=\"text-align: left;\"><br \/><br \/>Nasnameya r\u00eaheval\u00ea me y\u00ea \u015feh\u00eed wiha ye;<br \/><a><br \/>Nav \u00fb Pa\u015fnav: Ebdilhem\u00eed \u00cesma\u00eel<\/a><\/p>\r\n\r\n\r\n\r\n<p style=\"text-align: left;\">Nav\u00ea Dayik\u00ea: Bedriye<\/p>\r\n\r\n\r\n\r\n<p style=\"text-align: left;\">Nav\u00ea Bav: Mahmud<\/p>\r\n\r\n\r\n\r\n<p dir=\"ltr\" style=\"text-align: left;\">Cih \u00fb D\u00eeroka \u015eehadet\u00ea: \u015eehba | 9 Kan\u00fbn 2020<br \/><br \/>Em di \u015fexs\u00ea hevr\u00ea Ebdilhem\u00eed \u00cesma\u00eel de tevah\u00ee \u015feh\u00eed\u00ean qehreman bi r\u00eazdar\u00ee bib\u00eer t\u00eenin \u00fb soza azadiy\u00ea ku me daye \u015feh\u00eed\u00ean xwe \u00fb gel\u00ea xwe em cardin dubare dikin. Ji malbata \u015feh\u00eed\u00ea xwe \u00fb gel\u00ea xwe re sersaxiy\u00ea dixwazin.<br \/><br \/>H\u00eaz\u00ean Rizgariya Efr\u00een<br \/>12 Kan\u00fbn 2020<\/p>\r\n","protected":false},"excerpt":{"rendered":"<p>Em r\u00eaheval\u00ea xwe Ebdilhem\u00eed \u00cesma\u00eel bi r\u00eazdar\u00ee bib\u00eer t\u00eenin \u00a0 Ji \u00e7apemen\u00ee \u00fb raya gi\u015ft\u00ee re! \u00a0 R\u00eaheval\u00ea me Ebdilhem\u00eed \u00cesma\u00eel, li roja 9\u00ea Kan\u00fbn\u00ea, di encama nexwe\u015fiy\u00ea de \u015feh\u00eed ket.Hevr\u00ea Ebdilhem\u00eed \u00cesma\u00eel, rexm\u00ea temen\u00ea xwe y\u00ea mezin, li hember\u00ee dagirkeriy\u00ea b\u00ea helwest nema \u00fb di sala 2019 an de tevl\u00ee ref\u00ean me b\u00fb. Bi &hellip;<\/p>\n","protected":false},"author":1,"featured_media":2183,"comment_status":"open","ping_status":"open","sticky":false,"template":"","format":"standard","meta":{"_jetpack_memberships_contains_paid_content":false,"footnotes":""},"categories":[26],"tags":[],"class_list":["post-2184","post","type-post","status-publish","format-standard","has-post-thumbnail","hentry","category-26"],"jetpack_featured_media_url":"https:\/\/hre-official.com\/wp-content\/uploads\/2023\/05\/IMG_20230522_191629_627.jpg","jetpack_sharing_enabled":true,"_links":{"self":[{"href":"https:\/\/hre-official.com\/index.php?rest_route=\/wp\/v2\/posts\/2184","targetHints":{"allow":["GET"]}}],"collection":[{"href":"https:\/\/hre-official.com\/index.php?rest_route=\/wp\/v2\/posts"}],"about":[{"href":"https:\/\/hre-official.com\/index.php?rest_route=\/wp\/v2\/types\/post"}],"author":[{"embeddable":true,"href":"https:\/\/hre-official.com\/index.php?rest_route=\/wp\/v2\/users\/1"}],"replies":[{"embeddable":true,"href":"https:\/\/hre-official.com\/index.php?rest_route=%2Fwp%2Fv2%2Fcomments&post=2184"}],"version-history":[{"count":0,"href":"https:\/\/hre-official.com\/index.php?rest_route=\/wp\/v2\/posts\/2184\/revisions"}],"wp:featuredmedia":[{"embeddable":true,"href":"https:\/\/hre-official.com\/index.php?rest_route=\/wp\/v2\/media\/2183"}],"wp:attachment":[{"href":"https:\/\/hre-official.com\/index.php?rest_route=%2Fwp%2Fv2%2Fmedia&parent=2184"}],"wp:term":[{"taxonomy":"category","embeddable":true,"href":"https:\/\/hre-official.com\/index.php?rest_route=%2Fwp%2Fv2%2Fcategories&post=2184"},{"taxonomy":"post_tag","embeddable":true,"href":"https:\/\/hre-official.com\/index.php?rest_route=%2Fwp%2Fv2%2Ftags&post=2184"}],"curies":[{"name":"wp","href":"https:\/\/api.w.org\/{rel}","templated":true}]}}