{"id":2172,"date":"2020-11-19T02:35:23","date_gmt":"2020-11-19T02:35:23","guid":{"rendered":"https:\/\/hre-official.com\/?p=2172"},"modified":"2023-05-29T15:51:10","modified_gmt":"2023-05-29T15:51:10","slug":"%d9%86%d9%81%d8%b0%d8%aa-%d9%82%d9%88%d8%a7%d8%aa%d9%86%d8%a7-%d8%b9%d9%85%d9%84%d9%8a%d8%a9-%d8%aa%d8%ae%d8%b1%d9%8a%d8%a8%d9%8a%d8%a9-%d8%b6%d8%af-%d8%b9%d8%b5%d8%a7%d8%a8%d8%a7%d8%aa-%d8%a7%d9%84","status":"publish","type":"post","link":"https:\/\/hre-official.com\/?p=2172","title":{"rendered":"\u0646\u0641\u0630\u062a \u0642\u0648\u0627\u062a\u0646\u0627 \u0639\u0645\u0644\u064a\u0629 \u062a\u062e\u0631\u064a\u0628\u064a\u0629 \u0636\u062f \u0639\u0635\u0627\u0628\u0627\u062a \u0627\u0644\u0627\u062d\u062a\u0644\u0627\u0644 \u0641\u064a \u0642\u0631\u064a\u0629 \u0639\u0631\u0628 \u0648\u064a\u0631\u0627\u0646 \u0627\u0644\u062a\u0627\u0628\u0639\u0629 \u0644\u0646\u0627\u062d\u064a\u0629 \u0634\u0631\u0627"},"content":{"rendered":"\r\n<p dir=\"ltr\">Ji \u00e7apemen\u00ee \u00fb raya gi\u015ft\u00ee re! <br \/>Li hember qirkirin \u00fb as\u00eem\u00eelasyona ku dewleta Tirk a dagirker \u00fb \u00e7etey\u00ean w\u00ea li ser gel\u00ea me y\u00ea Efr\u00een\u00ea dime\u015f\u00eene, \u00e7alakiy\u00ean me y\u00ean tolhildan\u00ea berdewam dikin. Di v\u00ea \u00e7ar\u00e7ovey\u00ea de; <br \/>Li roja 11\u00ea Mijdar\u00ea li gund\u00ea Erebw\u00earan ya nav\u00e7eya \u015eera h\u00eaz\u00ean me li hember \u00e7etey\u00ean dagirker \u00e7alakiyek sabotaj\u00ea lidarxistin. Di encama v\u00ea \u00e7alakiy\u00ea de 2 \u00e7ete hatin ku\u015ftin, 1 \u00e7ete j\u00ee br\u00eendar b\u00fb. <br \/>Li roja 12\u00ea Mijdar\u00ea li gund\u00ea Erend\u00ea ya nav\u00e7eya \u015eiy\u00ea h\u00eaz\u00ean me li hember\u00ee \u00e7etey\u00ean dagirker \u00e7alakiyek lidarxistin. Di encama v\u00ea \u00e7alakiy\u00ea de 2 \u00e7ete hatin ku\u015ftin. <br \/>Li roja 18\u00ea Mijdar\u00ea li her\u00eama Efr\u00een\u00ea h\u00eaz\u00ean me li hember \u00e7etey\u00ean dagirker \u00e7alakiyek sabotaj\u00ea lidarxistin. Di encama v\u00ea \u00e7alakiy\u00ea de her\u00ee k\u00eam 5 \u00e7ete hatin ku\u015ftin. Wesayitek hat \u00eemhakirin. <br \/>Di encama wan her 3 \u00e7alakiyan de her\u00ee k\u00eam; 9 \u00e7ete hatin ku\u015ftin, 1 \u00e7ete j\u00ee br\u00eendar b\u00fb. <br \/>Li hember\u00ee dagirkeran \u00e7alakiy\u00ean me y\u00ean tolhildan\u00ea w\u00ea b\u00eanavber berdewam bikin. <br \/>H\u00eaz\u00ean Rizgariya Efr\u00een\u00ea <br \/>19 Mijdar 2020<\/p>\r\n\r\n\r\n\r\n<p>\u0634\u0627\u0647\u062f \u0627\u0644\u0641\u064a\u062f\u064a\u0648 \u0639\u0628\u0631 \u0627\u0644\u0631\u0627\u0628\u0637 \u0627\u0644\u062a\u0627\u0644\u064a :<\/p>\r\n\r\n\r\n\r\n<p dir=\"ltr\"><a href=\"https:\/\/t.me\/HRE_official_kurdish\/609\">t.me\/HRE_official_kurdish\/609<\/a><\/p>\r\n","protected":false},"excerpt":{"rendered":"<p>Ji \u00e7apemen\u00ee \u00fb raya gi\u015ft\u00ee re! Li hember qirkirin \u00fb as\u00eem\u00eelasyona ku dewleta Tirk a dagirker \u00fb \u00e7etey\u00ean w\u00ea li ser gel\u00ea me y\u00ea Efr\u00een\u00ea dime\u015f\u00eene, \u00e7alakiy\u00ean me y\u00ean tolhildan\u00ea berdewam dikin. Di v\u00ea \u00e7ar\u00e7ovey\u00ea de; Li roja 11\u00ea Mijdar\u00ea li gund\u00ea Erebw\u00earan ya nav\u00e7eya \u015eera h\u00eaz\u00ean me li hember \u00e7etey\u00ean dagirker \u00e7alakiyek sabotaj\u00ea lidarxistin. &hellip;<\/p>\n","protected":false},"author":1,"featured_media":2171,"comment_status":"open","ping_status":"open","sticky":false,"template":"","format":"standard","meta":{"_jetpack_memberships_contains_paid_content":false,"footnotes":""},"categories":[24,25],"tags":[],"class_list":["post-2172","post","type-post","status-publish","format-standard","has-post-thumbnail","hentry","category-24","category-25"],"jetpack_featured_media_url":"https:\/\/hre-official.com\/wp-content\/uploads\/2023\/05\/Screenshot_2023-05-20-11-12-44-683-edit_org.telegram.messenger.jpg","jetpack_sharing_enabled":true,"_links":{"self":[{"href":"https:\/\/hre-official.com\/index.php?rest_route=\/wp\/v2\/posts\/2172","targetHints":{"allow":["GET"]}}],"collection":[{"href":"https:\/\/hre-official.com\/index.php?rest_route=\/wp\/v2\/posts"}],"about":[{"href":"https:\/\/hre-official.com\/index.php?rest_route=\/wp\/v2\/types\/post"}],"author":[{"embeddable":true,"href":"https:\/\/hre-official.com\/index.php?rest_route=\/wp\/v2\/users\/1"}],"replies":[{"embeddable":true,"href":"https:\/\/hre-official.com\/index.php?rest_route=%2Fwp%2Fv2%2Fcomments&post=2172"}],"version-history":[{"count":0,"href":"https:\/\/hre-official.com\/index.php?rest_route=\/wp\/v2\/posts\/2172\/revisions"}],"wp:featuredmedia":[{"embeddable":true,"href":"https:\/\/hre-official.com\/index.php?rest_route=\/wp\/v2\/media\/2171"}],"wp:attachment":[{"href":"https:\/\/hre-official.com\/index.php?rest_route=%2Fwp%2Fv2%2Fmedia&parent=2172"}],"wp:term":[{"taxonomy":"category","embeddable":true,"href":"https:\/\/hre-official.com\/index.php?rest_route=%2Fwp%2Fv2%2Fcategories&post=2172"},{"taxonomy":"post_tag","embeddable":true,"href":"https:\/\/hre-official.com\/index.php?rest_route=%2Fwp%2Fv2%2Ftags&post=2172"}],"curies":[{"name":"wp","href":"https:\/\/api.w.org\/{rel}","templated":true}]}}