{"id":2169,"date":"2020-11-16T23:33:22","date_gmt":"2020-11-16T23:33:22","guid":{"rendered":"https:\/\/hre-official.com\/?p=2169"},"modified":"2023-05-29T15:51:15","modified_gmt":"2023-05-29T15:51:15","slug":"%d9%86%d9%81%d8%b0%d8%aa-%d9%82%d9%88%d8%a7%d8%aa%d9%86%d8%a7-%d8%b9%d9%85%d9%84%d9%8a%d8%a9-%d8%aa%d8%ae%d8%b1%d9%8a%d8%a8%d9%8a%d8%a9-%d8%a7%d8%b3%d8%aa%d9%87%d8%af%d9%81%d8%aa-%d8%b1%d8%aa%d9%84","status":"publish","type":"post","link":"https:\/\/hre-official.com\/?p=2169","title":{"rendered":"\u0646\u0641\u0630\u062a \u0642\u0648\u0627\u062a\u0646\u0627 \u0639\u0645\u0644\u064a\u0629 \u062a\u062e\u0631\u064a\u0628\u064a\u0629 \u0627\u0633\u062a\u0647\u062f\u0641\u062a \u0631\u062a\u0644\u064b\u0627 \u0644\u0644\u062c\u064a\u0634 \u0627\u0644\u062a\u0631\u0643\u064a \u0627\u0644\u0645\u062d\u062a\u0644 \u0641\u064a \u0645\u0646\u0637\u0642\u0629 \u0639\u0641\u0631\u064a\u0646 \u0639\u0644\u0649 \u0637\u0631\u064a\u0642 \u0642\u0631\u064a\u0629 \u0643\u0641\u0631 \u0634\u064a\u0644\u0629"},"content":{"rendered":"\r\n<p dir=\"ltr\">Ji \u00e7apemen\u00ee \u00fb raya gi\u015ft\u00ee re! <br \/>Li hember\u00ee p\u00eakan\u00een\u00ean fa\u015f\u00eezane ya dewleta Tirk a dagirker \u00fb \u00e7etey\u00ean w\u00ea, \u00e7alakiy\u00ean h\u00eaz\u00ean me berdewam dikin. Di v\u00ea \u00e7ar\u00e7ovey\u00ea de; <br \/>Li roj\u00ean 11 \u00fb 16\u00ea Mijdar\u00ea li her\u00eama Efr\u00een\u00ea, du \u00e7alakiy\u00ean sekvan\u00ee li hember\u00ee \u00e7etey\u00ean dagirker hatin lidarxistin. Di wan herdu \u00e7alakiyan de 2 \u00e7ete hatin ku\u015ftin. <br \/>Li roja 12\u00ea Mijdar\u00ea, li her\u00eama Efr\u00een\u00ea li ser r\u00eaya gund\u00ea Kefer \u015eil\u00ea, li hember\u00ee konvoyek art\u00ea\u015fa Tirk a dagirker \u00e7alakiyek sabotaj\u00ea hat lidarxistin. Di encama v\u00ea \u00e7alakiy\u00ea de, 2 j\u00ea giran 4 le\u015fker\u00ean dagirker br\u00eendar b\u00fbn. Herwiha wesayitek zirx\u00ee hat derbkirin. <br \/>\u00c7alakiy\u00ean tolhildan\u00ea y\u00ean h\u00eaz\u00ean me li hember\u00ee art\u00ea\u015fa dagirker \u00fb \u00e7etey\u00ean w\u00ea berdewam bikin. <br \/>H\u00eaz\u00ean Rizgariya Efr\u00een\u00ea <br \/>17 Mijdar 2020 <\/p>\r\n","protected":false},"excerpt":{"rendered":"<p>Ji \u00e7apemen\u00ee \u00fb raya gi\u015ft\u00ee re! Li hember\u00ee p\u00eakan\u00een\u00ean fa\u015f\u00eezane ya dewleta Tirk a dagirker \u00fb \u00e7etey\u00ean w\u00ea, \u00e7alakiy\u00ean h\u00eaz\u00ean me berdewam dikin. Di v\u00ea \u00e7ar\u00e7ovey\u00ea de; Li roj\u00ean 11 \u00fb 16\u00ea Mijdar\u00ea li her\u00eama Efr\u00een\u00ea, du \u00e7alakiy\u00ean sekvan\u00ee li hember\u00ee \u00e7etey\u00ean dagirker hatin lidarxistin. Di wan herdu \u00e7alakiyan de 2 \u00e7ete hatin ku\u015ftin. Li &hellip;<\/p>\n","protected":false},"author":1,"featured_media":2168,"comment_status":"open","ping_status":"open","sticky":false,"template":"","format":"standard","meta":{"_jetpack_memberships_contains_paid_content":false,"footnotes":""},"categories":[24,25],"tags":[],"class_list":["post-2169","post","type-post","status-publish","format-standard","has-post-thumbnail","hentry","category-24","category-25"],"jetpack_featured_media_url":"https:\/\/hre-official.com\/wp-content\/uploads\/2023\/05\/FB_IMG_1678659785336-1.jpg","jetpack_sharing_enabled":true,"_links":{"self":[{"href":"https:\/\/hre-official.com\/index.php?rest_route=\/wp\/v2\/posts\/2169","targetHints":{"allow":["GET"]}}],"collection":[{"href":"https:\/\/hre-official.com\/index.php?rest_route=\/wp\/v2\/posts"}],"about":[{"href":"https:\/\/hre-official.com\/index.php?rest_route=\/wp\/v2\/types\/post"}],"author":[{"embeddable":true,"href":"https:\/\/hre-official.com\/index.php?rest_route=\/wp\/v2\/users\/1"}],"replies":[{"embeddable":true,"href":"https:\/\/hre-official.com\/index.php?rest_route=%2Fwp%2Fv2%2Fcomments&post=2169"}],"version-history":[{"count":0,"href":"https:\/\/hre-official.com\/index.php?rest_route=\/wp\/v2\/posts\/2169\/revisions"}],"wp:featuredmedia":[{"embeddable":true,"href":"https:\/\/hre-official.com\/index.php?rest_route=\/wp\/v2\/media\/2168"}],"wp:attachment":[{"href":"https:\/\/hre-official.com\/index.php?rest_route=%2Fwp%2Fv2%2Fmedia&parent=2169"}],"wp:term":[{"taxonomy":"category","embeddable":true,"href":"https:\/\/hre-official.com\/index.php?rest_route=%2Fwp%2Fv2%2Fcategories&post=2169"},{"taxonomy":"post_tag","embeddable":true,"href":"https:\/\/hre-official.com\/index.php?rest_route=%2Fwp%2Fv2%2Ftags&post=2169"}],"curies":[{"name":"wp","href":"https:\/\/api.w.org\/{rel}","templated":true}]}}