{"id":2166,"date":"2020-11-15T08:15:43","date_gmt":"2020-11-15T08:15:43","guid":{"rendered":"https:\/\/hre-official.com\/?p=2166"},"modified":"2023-05-29T15:30:42","modified_gmt":"2023-05-29T15:30:42","slug":"%d8%a7%d8%b3%d8%aa%d8%b4%d9%87%d8%a7%d8%af-%d8%a7%d8%ad%d8%af-%d8%b1%d9%81%d8%a7%d9%82%d9%86%d8%a7-%d8%a7%d9%84%d8%b4%d9%87%d9%8a%d8%af-%d8%ac%d9%88%d8%a7%d9%86-%d9%83%d9%81%d8%b1%d9%86%d8%a7%d9%8a","status":"publish","type":"post","link":"https:\/\/hre-official.com\/?p=2166","title":{"rendered":"\u0627\u0633\u062a\u0634\u0647\u0627\u062f \u0627\u062d\u062f \u0631\u0641\u0627\u0642\u0646\u0627 \u0627\u0644\u0634\u0647\u064a\u062f \u062c\u0648\u0627\u0646 \u0643\u0641\u0631\u0646\u0627\u064a\u0627"},"content":{"rendered":"\r\n<p dir=\"ltr\">Em hevr\u00ea Ciwan Kefernaya bi r\u00eazdar\u00ee bib\u00eer t\u00eenin <br \/><br \/>Ji \u00e7apemen\u00ee \u00fb raya gi\u015ft\u00ee re! <br \/><br \/>Di d\u00eeroka 13\u00ea Mijdar\u00ea de \u015fervan\u00ea me Ciwan kefernaya, di qonaxa duyem\u00een ya berxwedana Efr\u00een\u00ea de, di encama \u00ear\u00ee\u015f\u00ean \u00e7etey\u00ean dewleta Tirk a dagirker de gih\u00ee\u015ft \u015fehadet\u00ea. <br \/>Hevr\u00ea Ciwan, li \u015eehba di nav malbatek welatpar\u00eaz de ji day\u00eek b\u00fb. Di t\u00eako\u015f\u00een \u00fb berxwedana me ya li dij\u00ee dagirkeriy\u00ea de heta k\u00ealiya daw\u00ee erk \u00fb berpirsiyatiy\u00ean xwe bi c\u00eeh an\u00ee. Hevr\u00ea Ciwan, bi \u015fore\u015fa azad\u00ee \u00fb demokrasiya gelan bi azwer\u00ee \u00fb dilsoziyek mezin bawer kir, li hember her cure pa\u015fver\u00fbtiy\u00ea bi biryar sekin\u00ee \u00fb tevl\u00ee karwan\u00ea \u015feh\u00eedan b\u00fb. <br \/>Nasnameya heval\u00ea me y\u00ea \u015feh\u00eed wiha ye: <br \/><br \/>Nasnav: Ciwan Kefernaya <br \/>Nav \u00fb Pa\u015fnav: Ehmed El Etre\u015f <br \/>Nav\u00ea Dayik\u00ea: Fetum <br \/>Nav\u00ea Bav: Hesen <br \/>Cih\u00ea Ji Dayikb\u00fbn\u00ea: \u015eehba <br \/>Cih \u00fb D\u00eeroka \u015eehadet\u00ea: Qonaxa duyem\u00een ya berxwedana Efr\u00een\u00ea | 13 Mijdar 2020 <br \/><br \/>Em di \u015fexs\u00ea hevr\u00ea Ciwan de tevah\u00ee \u015feh\u00eed\u00ean leheng bi r\u00eazdar\u00ee bib\u00eer t\u00eenin. Ji malbata \u015feh\u00eed\u00ea xwe \u00fb ji hem\u00fb gel\u00ea xwe re sersaxiy\u00ea dixwazin. <br \/><br \/>H\u00eaz\u00ean Rizgariya Efr\u00een <br \/>13 Mijdar 2020 <br \/><br \/><br \/><\/p>\r\n","protected":false},"excerpt":{"rendered":"<p>Em hevr\u00ea Ciwan Kefernaya bi r\u00eazdar\u00ee bib\u00eer t\u00eenin Ji \u00e7apemen\u00ee \u00fb raya gi\u015ft\u00ee re! Di d\u00eeroka 13\u00ea Mijdar\u00ea de \u015fervan\u00ea me Ciwan kefernaya, di qonaxa duyem\u00een ya berxwedana Efr\u00een\u00ea de, di encama \u00ear\u00ee\u015f\u00ean \u00e7etey\u00ean dewleta Tirk a dagirker de gih\u00ee\u015ft \u015fehadet\u00ea. Hevr\u00ea Ciwan, li \u015eehba di nav malbatek welatpar\u00eaz de ji day\u00eek b\u00fb. Di t\u00eako\u015f\u00een &hellip;<\/p>\n","protected":false},"author":1,"featured_media":2165,"comment_status":"open","ping_status":"open","sticky":false,"template":"","format":"standard","meta":{"_jetpack_memberships_contains_paid_content":false,"footnotes":""},"categories":[26],"tags":[],"class_list":["post-2166","post","type-post","status-publish","format-standard","has-post-thumbnail","hentry","category-26"],"jetpack_featured_media_url":"https:\/\/hre-official.com\/wp-content\/uploads\/2023\/05\/IMG_20230520_110703_002.jpg","jetpack_sharing_enabled":true,"_links":{"self":[{"href":"https:\/\/hre-official.com\/index.php?rest_route=\/wp\/v2\/posts\/2166","targetHints":{"allow":["GET"]}}],"collection":[{"href":"https:\/\/hre-official.com\/index.php?rest_route=\/wp\/v2\/posts"}],"about":[{"href":"https:\/\/hre-official.com\/index.php?rest_route=\/wp\/v2\/types\/post"}],"author":[{"embeddable":true,"href":"https:\/\/hre-official.com\/index.php?rest_route=\/wp\/v2\/users\/1"}],"replies":[{"embeddable":true,"href":"https:\/\/hre-official.com\/index.php?rest_route=%2Fwp%2Fv2%2Fcomments&post=2166"}],"version-history":[{"count":0,"href":"https:\/\/hre-official.com\/index.php?rest_route=\/wp\/v2\/posts\/2166\/revisions"}],"wp:featuredmedia":[{"embeddable":true,"href":"https:\/\/hre-official.com\/index.php?rest_route=\/wp\/v2\/media\/2165"}],"wp:attachment":[{"href":"https:\/\/hre-official.com\/index.php?rest_route=%2Fwp%2Fv2%2Fmedia&parent=2166"}],"wp:term":[{"taxonomy":"category","embeddable":true,"href":"https:\/\/hre-official.com\/index.php?rest_route=%2Fwp%2Fv2%2Fcategories&post=2166"},{"taxonomy":"post_tag","embeddable":true,"href":"https:\/\/hre-official.com\/index.php?rest_route=%2Fwp%2Fv2%2Ftags&post=2166"}],"curies":[{"name":"wp","href":"https:\/\/api.w.org\/{rel}","templated":true}]}}