{"id":2157,"date":"2020-08-20T04:38:16","date_gmt":"2020-08-20T04:38:16","guid":{"rendered":"https:\/\/hre-official.com\/?p=2157"},"modified":"2023-05-29T15:30:49","modified_gmt":"2023-05-29T15:30:49","slug":"%d8%a7%d8%b3%d8%aa%d8%b4%d9%87%d8%a7%d8%af-%d8%a7%d8%ad%d8%af-%d8%b1%d9%81%d8%a7%d9%82%d9%86%d8%a7-%d8%a7%d9%84%d8%b4%d9%87%d9%8a%d8%af-%d8%a3%d8%b1%d8%a7%d9%85-%d8%b9%d9%81%d8%b1%d9%8a%d9%86","status":"publish","type":"post","link":"https:\/\/hre-official.com\/?p=2157","title":{"rendered":"\u0627\u0633\u062a\u0634\u0647\u0627\u062f \u0627\u062d\u062f \u0631\u0641\u0627\u0642\u0646\u0627 \u0627\u0644\u0634\u0647\u064a\u062f \u0623\u0631\u0627\u0645 \u0639\u0641\u0631\u064a\u0646"},"content":{"rendered":"\r\n<p dir=\"ltr\">Em r\u00eaheval\u00ea xwe Aram Efr\u00een bi r\u00eazdar\u00ee bib\u00eer t\u00eenin <br \/><br \/>Ji \u00e7apemen\u00ee \u00fb raya gi\u015ft\u00ee re! <br \/><br \/>\u015eervan\u00ea me Aram Efr\u00een, di roja 18\u00ea Tebax\u00ea de di encama qezayek\u00ee de \u015feh\u00eed b\u00fb. <br \/><br \/>Hevr\u00ea Aram Efr\u00een, bi hest\u00ean welatpar\u00eaziy\u00ea \u00fb bi naskirina t\u00eako\u015f\u00eena li ser h\u00eem\u00ea heb\u00fbn \u00fb azadiy\u00ea ya gel\u00ean me, tevl\u00ee ref\u00ean me b\u00fb. Li dij\u00ee \u00ear\u00ee\u015f\u00ean pa\u015fver\u00fb ku destkeftiy\u00ean gel\u00ean me dikin hedef, hevr\u00ea Aram bi biryardar\u00ee sekin\u00ee. Erk \u00fb berpirsiyariy\u00ean ku hevr\u00ea Aram di nav \u015fer\u00ea me y\u00ea berxwedan\u00ea de wergirt, bi azweriyek\u00ee mezin bi c\u00eeh an\u00ee. <br \/><br \/>Nasnameya r\u00eaheval\u00ea me y\u00ea \u015feh\u00eed wiha ye; <br \/><br \/>Nasnav: Aram Efr\u00een <br \/>Nav \u00fb Pa\u015fnav: Ebdo Osman <br \/>Nav\u00ea Dayik\u00ea: Xal\u00eede <br \/>Nav\u00ea Bav: Ebas <br \/>Cih \u00fb D\u00eeroka \u015eehadet\u00ea: Encama qezay\u00ea | 18 Tebax 2020 <br \/><br \/>Em di \u015fexs\u00ea hevr\u00ea Aram Efr\u00een de tevah\u00ee \u015feh\u00eed\u00ean qehreman bi r\u00eazdar\u00ee \u00fb minnet bib\u00eer t\u00eenin. Ji malbata \u015feh\u00eed\u00ea xwe \u00fb gel\u00ea xwe re sersaxiy\u00ea dixwazin. <br \/><br \/>H\u00eaz\u00ean Rizgariya Efr\u00een <br \/>20\u00ea Tebax 2020 <\/p>\r\n","protected":false},"excerpt":{"rendered":"<p>Em r\u00eaheval\u00ea xwe Aram Efr\u00een bi r\u00eazdar\u00ee bib\u00eer t\u00eenin Ji \u00e7apemen\u00ee \u00fb raya gi\u015ft\u00ee re! \u015eervan\u00ea me Aram Efr\u00een, di roja 18\u00ea Tebax\u00ea de di encama qezayek\u00ee de \u015feh\u00eed b\u00fb. Hevr\u00ea Aram Efr\u00een, bi hest\u00ean welatpar\u00eaziy\u00ea \u00fb bi naskirina t\u00eako\u015f\u00eena li ser h\u00eem\u00ea heb\u00fbn \u00fb azadiy\u00ea ya gel\u00ean me, tevl\u00ee ref\u00ean me b\u00fb. Li dij\u00ee &hellip;<\/p>\n","protected":false},"author":1,"featured_media":2156,"comment_status":"open","ping_status":"open","sticky":false,"template":"","format":"standard","meta":{"_jetpack_memberships_contains_paid_content":false,"footnotes":""},"categories":[26],"tags":[],"class_list":["post-2157","post","type-post","status-publish","format-standard","has-post-thumbnail","hentry","category-26"],"jetpack_featured_media_url":"https:\/\/hre-official.com\/wp-content\/uploads\/2023\/05\/IMG_20230520_110039_070.jpg","jetpack_sharing_enabled":true,"_links":{"self":[{"href":"https:\/\/hre-official.com\/index.php?rest_route=\/wp\/v2\/posts\/2157","targetHints":{"allow":["GET"]}}],"collection":[{"href":"https:\/\/hre-official.com\/index.php?rest_route=\/wp\/v2\/posts"}],"about":[{"href":"https:\/\/hre-official.com\/index.php?rest_route=\/wp\/v2\/types\/post"}],"author":[{"embeddable":true,"href":"https:\/\/hre-official.com\/index.php?rest_route=\/wp\/v2\/users\/1"}],"replies":[{"embeddable":true,"href":"https:\/\/hre-official.com\/index.php?rest_route=%2Fwp%2Fv2%2Fcomments&post=2157"}],"version-history":[{"count":0,"href":"https:\/\/hre-official.com\/index.php?rest_route=\/wp\/v2\/posts\/2157\/revisions"}],"wp:featuredmedia":[{"embeddable":true,"href":"https:\/\/hre-official.com\/index.php?rest_route=\/wp\/v2\/media\/2156"}],"wp:attachment":[{"href":"https:\/\/hre-official.com\/index.php?rest_route=%2Fwp%2Fv2%2Fmedia&parent=2157"}],"wp:term":[{"taxonomy":"category","embeddable":true,"href":"https:\/\/hre-official.com\/index.php?rest_route=%2Fwp%2Fv2%2Fcategories&post=2157"},{"taxonomy":"post_tag","embeddable":true,"href":"https:\/\/hre-official.com\/index.php?rest_route=%2Fwp%2Fv2%2Ftags&post=2157"}],"curies":[{"name":"wp","href":"https:\/\/api.w.org\/{rel}","templated":true}]}}