{"id":2087,"date":"2020-04-01T02:35:04","date_gmt":"2020-04-01T02:35:04","guid":{"rendered":"https:\/\/hre-official.com\/?p=2087"},"modified":"2023-05-29T15:31:43","modified_gmt":"2023-05-29T15:31:43","slug":"%d8%a7%d8%b3%d8%aa%d8%b4%d9%87%d8%a7%d8%af-%d8%a7%d8%ad%d8%af-%d8%b1%d9%81%d8%a7%d9%82%d9%86%d8%a7-%d8%a7%d9%84%d8%b4%d9%87%d9%8a%d8%af-%d8%b9%d9%81%d8%b1%d9%8a%d9%86","status":"publish","type":"post","link":"https:\/\/hre-official.com\/?p=2087","title":{"rendered":"\u0627\u0633\u062a\u0634\u0647\u0627\u062f \u0627\u062d\u062f \u0631\u0641\u0627\u0642\u0646\u0627 \u0627\u0644\u0634\u0647\u064a\u062f \u0639\u0641\u0631\u064a\u0646"},"content":{"rendered":"\r\n<p dir=\"ltr\" style=\"text-align: left;\">Em hevr\u00ea Efr\u00een bi r\u00eazdar\u00ee bib\u00eer t\u00eenin<br \/><br \/>Ji \u00e7apemen\u00ee \u00fb raya gi\u015fti re!<br \/><br \/>R\u00eaheval\u00ea me Efr\u00een di d\u00eeroka 21\u00ea Adar\u00ea 2020\u2019an de di qonaxa duyem\u00een ya berxwedana Efr\u00een\u00ea de br\u00eendar bib\u00fb, l\u00ea bel\u00ea pi\u015ft\u00ee ku br\u00eendar b\u00fb ruxm\u00ea hem\u00fb hewldan \u00fb destwerdan\u00ea di d\u00eeroka 31\u00ea Adar\u00ea 2020\u2019an de \u015feh\u00eed ket.<br \/><br \/>Hevr\u00ea Efr\u00een, di nav malbatek welatpar\u00eaz de li bajar\u00ea Efr\u00een\u00ea ji dayik b\u00fb. Pi\u015ft\u00ee dagirkirina Efr\u00een\u00ea ji aliy\u00ea art\u00ea\u015fa Tirk a dagirker \u00fb \u00e7etey\u00ean w\u00ea ve, bi bandora berxwedana li dij\u00ee dagirkeriy\u00ea tevl\u00ee ref\u00ean me b\u00fb. Li hember dagirkeriya li Efr\u00een\u00ea, h\u00ears \u00fb k\u00eeneke mezin di nava xwe de dihewand \u00fb heta h\u00eanasa xwe ya daw\u00ee j\u00ee bi w\u00earekiyeke mezin t\u00eako\u015f\u00eena xwe domand. Hevr\u00ea Efr\u00een, berpirsyartiy\u00ean ku di berxwedaniy\u00ea de li ser xwe wergirtib\u00fb bi biryardar\u00ee bi c\u00eeh an\u00ee.<br \/><br \/>Nasnameya r\u00eaheval\u00ea me y\u00ea \u015feh\u00eed wiha ye;<br \/><br \/>Nasnav: Efr\u00een<\/p>\r\n\r\n\r\n\r\n<p dir=\"ltr\" style=\"text-align: left;\">Nav \u00fb Pa\u015fnav: Xalid Elo<\/p>\r\n\r\n\r\n\r\n<p style=\"text-align: left;\">Nav\u00ea Dayik\u00ea: Meryem<\/p>\r\n\r\n\r\n\r\n<p style=\"text-align: left;\">Nav\u00ea Bav: El\u00ee<\/p>\r\n\r\n\r\n\r\n<p style=\"text-align: left;\">Cih\u00ea Ji Dayikb\u00fbn\u00ea: Efr\u00een<\/p>\r\n\r\n\r\n\r\n<p dir=\"ltr\" style=\"text-align: left;\">Cih \u00fb D\u00eeroka \u015eehadet\u00ea: Qonaxa duyem\u00een ya berxwedana Efr\u00een\u00ea \/ 31 Adar 2020<br \/><br \/>Em di \u015fexs\u00ea hevr\u00ea Efr\u00een de tevah\u00ee \u015feh\u00eed\u00ean leheng bi r\u00eazdar\u00ee bib\u00eer t\u00eenin. Ji malbata \u015feh\u00eed\u00ea xwe \u00fb gel\u00ea xwe re sersaxiy\u00ea dixwazin.<br \/><br \/>H\u00eaz\u00ean Rizgariya Efr\u00een<br \/>1\u00ea N\u00eesan 2020<\/p>\r\n\r\n\r\n\r\n<figure class=\"wp-block-image size-large\"><img loading=\"lazy\" decoding=\"async\" width=\"1024\" height=\"640\" class=\"wp-image-2086\" src=\"https:\/\/hre-official.com\/wp-content\/uploads\/2023\/05\/IMG_20230518_091847_006-1-1024x640.jpg\" alt=\"\" srcset=\"https:\/\/hre-official.com\/wp-content\/uploads\/2023\/05\/IMG_20230518_091847_006-1-1024x640.jpg 1024w, https:\/\/hre-official.com\/wp-content\/uploads\/2023\/05\/IMG_20230518_091847_006-1-300x188.jpg 300w, https:\/\/hre-official.com\/wp-content\/uploads\/2023\/05\/IMG_20230518_091847_006-1-768x480.jpg 768w, https:\/\/hre-official.com\/wp-content\/uploads\/2023\/05\/IMG_20230518_091847_006-1.jpg 1080w\" sizes=\"auto, (max-width: 1024px) 100vw, 1024px\" \/><\/figure>\r\n","protected":false},"excerpt":{"rendered":"<p>Em hevr\u00ea Efr\u00een bi r\u00eazdar\u00ee bib\u00eer t\u00eeninJi \u00e7apemen\u00ee \u00fb raya gi\u015fti re!R\u00eaheval\u00ea me Efr\u00een di d\u00eeroka 21\u00ea Adar\u00ea 2020\u2019an de di qonaxa duyem\u00een ya berxwedana Efr\u00een\u00ea de br\u00eendar bib\u00fb, l\u00ea bel\u00ea pi\u015ft\u00ee ku br\u00eendar b\u00fb ruxm\u00ea hem\u00fb hewldan \u00fb destwerdan\u00ea di d\u00eeroka 31\u00ea Adar\u00ea 2020\u2019an de \u015feh\u00eed ket.Hevr\u00ea Efr\u00een, di nav malbatek welatpar\u00eaz de li &hellip;<\/p>\n","protected":false},"author":1,"featured_media":2085,"comment_status":"open","ping_status":"open","sticky":false,"template":"","format":"standard","meta":{"_jetpack_memberships_contains_paid_content":false,"footnotes":""},"categories":[26],"tags":[],"class_list":["post-2087","post","type-post","status-publish","format-standard","has-post-thumbnail","hentry","category-26"],"jetpack_featured_media_url":"https:\/\/hre-official.com\/wp-content\/uploads\/2023\/05\/IMG_20230518_091847_006.jpg","jetpack_sharing_enabled":true,"_links":{"self":[{"href":"https:\/\/hre-official.com\/index.php?rest_route=\/wp\/v2\/posts\/2087","targetHints":{"allow":["GET"]}}],"collection":[{"href":"https:\/\/hre-official.com\/index.php?rest_route=\/wp\/v2\/posts"}],"about":[{"href":"https:\/\/hre-official.com\/index.php?rest_route=\/wp\/v2\/types\/post"}],"author":[{"embeddable":true,"href":"https:\/\/hre-official.com\/index.php?rest_route=\/wp\/v2\/users\/1"}],"replies":[{"embeddable":true,"href":"https:\/\/hre-official.com\/index.php?rest_route=%2Fwp%2Fv2%2Fcomments&post=2087"}],"version-history":[{"count":0,"href":"https:\/\/hre-official.com\/index.php?rest_route=\/wp\/v2\/posts\/2087\/revisions"}],"wp:featuredmedia":[{"embeddable":true,"href":"https:\/\/hre-official.com\/index.php?rest_route=\/wp\/v2\/media\/2085"}],"wp:attachment":[{"href":"https:\/\/hre-official.com\/index.php?rest_route=%2Fwp%2Fv2%2Fmedia&parent=2087"}],"wp:term":[{"taxonomy":"category","embeddable":true,"href":"https:\/\/hre-official.com\/index.php?rest_route=%2Fwp%2Fv2%2Fcategories&post=2087"},{"taxonomy":"post_tag","embeddable":true,"href":"https:\/\/hre-official.com\/index.php?rest_route=%2Fwp%2Fv2%2Ftags&post=2087"}],"curies":[{"name":"wp","href":"https:\/\/api.w.org\/{rel}","templated":true}]}}