{"id":1956,"date":"2020-01-02T15:52:44","date_gmt":"2020-01-02T15:52:44","guid":{"rendered":"https:\/\/hre-official.com\/?p=1956"},"modified":"2023-05-29T20:01:02","modified_gmt":"2023-05-29T20:01:02","slug":"%d9%81%d9%8a-%d8%b9%d9%85%d9%84%d9%8a%d8%a9-%d9%86%d9%88%d8%b9%d9%8a%d8%a9-%d9%82%d8%aa%d9%84-%d9%a2-%d9%88%d8%a3%d8%b5%d9%8a%d8%a8-%d9%a3-%d9%85%d9%86-%d9%85%d8%b1%d8%aa%d8%b2%d9%82%d8%a9-%d8%a7","status":"publish","type":"post","link":"https:\/\/hre-official.com\/?p=1956","title":{"rendered":"\u0641\u064a \u0639\u0645\u0644\u064a\u0629 \u0646\u0648\u0639\u064a\u0629 \u0642\u062a\u0644 \u0662 \u0648\u0623\u0635\u064a\u0628 \u0663 \u0645\u0646 \u0645\u0631\u062a\u0632\u0642\u0629 \u0627\u0644\u0627\u062d\u062a\u0644\u0627\u0644 \u0627\u0644\u062a\u0631\u0643\u064a"},"content":{"rendered":"\r\n<p dir=\"ltr\">Di \u00e7alakiya sabotaj\u00ea de 2 \u00e7ete hatin ku\u015ftin, 3 j\u00ee bir\u00eendar b\u00fbn<\/p>\r\n\r\n\r\n\r\n<p dir=\"ltr\">H\u00eaz\u00ean me, li hember art\u00ea\u015fa Tirk a dagirker \u00fb \u00e7etey\u00ean w\u00ea li her\u00eama Efr\u00een\u00ea \u00e7alak\u00ee \u00fb operasyon\u00ean xwe y\u00ean serkeft\u00ee b\u00ea navber didom\u00eenin.<\/p>\r\n\r\n\r\n\r\n<p dir=\"ltr\">Di roja 1\u00ea \u00c7ile demjim\u00ear 13:00 de li gund\u00ea Bas\u00fbt\u00ea y\u00ea bi ser nav\u00e7eya \u015e\u00earawa ya Efr\u00een\u00ea h\u00eaz\u00ean me bi \u00e7alakiyek sabotaj\u00ea, \u00e7eper \u00fb stargeh\u00ean gir\u00eaday\u00ee koma bi nav\u00ea Firqet el-Hemzet hedef girtin. Di encam\u00ea de 2 \u00e7etey\u00ean koma navbor\u00ee hatin ku\u015ftin, 3 \u00e7ete j\u00ee bir\u00eendar b\u00fbn.<\/p>\r\n\r\n\r\n\r\n<p dir=\"ltr\">Her wiha tevgera balafir\u00ean b\u00eamirov y\u00ea gir\u00eaday\u00ee art\u00ea\u015fa Tirk a dagirker li ser nav\u00e7eya \u015eera y\u00ea bi ser Efr\u00een\u00ea berdewam dike. Di heman dem\u00ea de art\u00ea\u015fa Tirk a dagirker \u00fb \u00e7etey\u00ean w\u00ea gund\u00ean Merenaz, Malikiy\u00ea, \u015eewarixa \u00fb Kela \u015eewarixa bi obusan dijwar\u00ee topbaran kirin. Di encam\u00ea topbaran\u00ea de ziyaneke mad\u00ee gih\u00ee\u015ft welatiy\u00ean li her\u00eam\u00ea.<\/p>\r\n\r\n\r\n\r\n<p dir=\"ltr\">H\u00eaz\u00ean Rizgariya Efr\u00een\u00ea | 2\u00ea \u00c7ile 2020<\/p>\r\n\r\n\r\n","protected":false},"excerpt":{"rendered":"<p>Di \u00e7alakiya sabotaj\u00ea de 2 \u00e7ete hatin ku\u015ftin, 3 j\u00ee bir\u00eendar b\u00fbn H\u00eaz\u00ean me, li hember art\u00ea\u015fa Tirk a dagirker \u00fb \u00e7etey\u00ean w\u00ea li her\u00eama Efr\u00een\u00ea \u00e7alak\u00ee \u00fb operasyon\u00ean xwe y\u00ean serkeft\u00ee b\u00ea navber didom\u00eenin. Di roja 1\u00ea \u00c7ile demjim\u00ear 13:00 de li gund\u00ea Bas\u00fbt\u00ea y\u00ea bi ser nav\u00e7eya \u015e\u00earawa ya Efr\u00een\u00ea h\u00eaz\u00ean me bi &hellip;<\/p>\n","protected":false},"author":1,"featured_media":1955,"comment_status":"open","ping_status":"open","sticky":false,"template":"","format":"standard","meta":{"_jetpack_memberships_contains_paid_content":false,"footnotes":""},"categories":[24,25],"tags":[],"class_list":["post-1956","post","type-post","status-publish","format-standard","has-post-thumbnail","hentry","category-24","category-25"],"jetpack_featured_media_url":"https:\/\/hre-official.com\/wp-content\/uploads\/2023\/05\/FB_IMG_1678659799687.jpg","jetpack_sharing_enabled":true,"_links":{"self":[{"href":"https:\/\/hre-official.com\/index.php?rest_route=\/wp\/v2\/posts\/1956","targetHints":{"allow":["GET"]}}],"collection":[{"href":"https:\/\/hre-official.com\/index.php?rest_route=\/wp\/v2\/posts"}],"about":[{"href":"https:\/\/hre-official.com\/index.php?rest_route=\/wp\/v2\/types\/post"}],"author":[{"embeddable":true,"href":"https:\/\/hre-official.com\/index.php?rest_route=\/wp\/v2\/users\/1"}],"replies":[{"embeddable":true,"href":"https:\/\/hre-official.com\/index.php?rest_route=%2Fwp%2Fv2%2Fcomments&post=1956"}],"version-history":[{"count":0,"href":"https:\/\/hre-official.com\/index.php?rest_route=\/wp\/v2\/posts\/1956\/revisions"}],"wp:featuredmedia":[{"embeddable":true,"href":"https:\/\/hre-official.com\/index.php?rest_route=\/wp\/v2\/media\/1955"}],"wp:attachment":[{"href":"https:\/\/hre-official.com\/index.php?rest_route=%2Fwp%2Fv2%2Fmedia&parent=1956"}],"wp:term":[{"taxonomy":"category","embeddable":true,"href":"https:\/\/hre-official.com\/index.php?rest_route=%2Fwp%2Fv2%2Fcategories&post=1956"},{"taxonomy":"post_tag","embeddable":true,"href":"https:\/\/hre-official.com\/index.php?rest_route=%2Fwp%2Fv2%2Ftags&post=1956"}],"curies":[{"name":"wp","href":"https:\/\/api.w.org\/{rel}","templated":true}]}}