{"id":1938,"date":"2019-12-04T11:28:32","date_gmt":"2019-12-04T11:28:32","guid":{"rendered":"https:\/\/hre-official.com\/?p=1938"},"modified":"2023-05-29T20:05:26","modified_gmt":"2023-05-29T20:05:26","slug":"%d9%81%d9%8a-%d8%b9%d9%85%d9%84%d9%8a%d8%a9-%d8%a5%d9%86%d8%aa%d9%82%d8%a7%d9%85%d9%8a%d8%a9-%d9%82%d8%aa%d9%84-%d9%a7-%d8%ac%d9%86%d9%88%d8%af-%d9%88-%d9%85%d8%b1%d8%aa%d8%b2%d9%82%d8%a9-%d8%a7%d9%84","status":"publish","type":"post","link":"https:\/\/hre-official.com\/?p=1938","title":{"rendered":"\u0641\u064a \u0639\u0645\u0644\u064a\u0629 \u0625\u0646\u062a\u0642\u0627\u0645\u064a\u0629 \u0642\u062a\u0644 \u0667 \u062c\u0646\u0648\u062f \u0648 \u0645\u0631\u062a\u0632\u0642\u0629 \u0627\u0644\u0627\u062d\u062a\u0644\u0627\u0644 \u0627\u0644\u062a\u0631\u0643\u064a"},"content":{"rendered":"\r\n<p dir=\"ltr\">Di \u00e7alakiy\u00ean tolhildan\u00ea de 7 le\u015fker \u00fb \u00e7ete hatin ku\u015ftin <br \/>Em weke H\u00eaz\u00ean Rizgariya Efr\u00een, ji bo zarok\u00ean Efr\u00een\u2019\u00ea y\u00ean ku li Til Rifat\u00ea ji aliy\u00ea dewleta dagirker a Tirk ve hatin qetilkirin, em\u00ea tola zarok\u00ean Efr\u00een\u2019\u00ea ji dagirkeran rakin. Li ser v\u00ea esas\u00ee h\u00eaz\u00ean me \u00eero li Efr\u00een, Ezaz \u00fb Mare li dij\u00ee dagirkeran r\u00eaze\u00e7alakiy\u00ean bibandor lidarxistin. <br \/>1. Di d\u00eeroka 3\u00ea Kan\u00fbn\u00ea de li gund\u00ea Gobel\u00ea y\u00ea bi ser bajar\u00ea Efr\u00een\u00ea h\u00eaz\u00ean me li dij\u00ee baragehek\u00ee art\u00ea\u015fa Tirk a dagirker \u00e7alakiyek hat li dar xistin. Di encam\u00ea de 1 le\u015fker\u00ea Tirk hat ku\u015ftin, 2 le\u015fker j\u00ee bir\u00eendar b\u00fbn \u00fb bataryayek obus\u00ea j\u00ee hat imhakirin. <br \/>2. Di d\u00eeroka 3\u00ea Kan\u00fbn\u00ea de h\u00eaz\u00ean me li derdora bajar\u00ea Ezaz\u00ea \u00e7eper\u00ean \u00e7etey\u00ean art\u00ea\u015fa Tirk a dagirker kirin hedef. Di encam\u00ea de 5 \u00e7ete hatin ku\u015ftin \u00fb hejmarek \u00e7ete j\u00ee bir\u00eendar b\u00fbn. <br \/>3. Di heman d\u00eerok\u00ea de li derdora bajar\u00ea Mare h\u00eaz\u00ean me li dij\u00ee art\u00ea\u015fa Tirk a dagirker \u00fb \u00e7etey\u00ean w\u00ea \u00e7alakiyek sekvan\u00ee li dar xistin. Di encam\u00ea de \u00e7eteyek hat ku\u015ftin. <br \/>Pi\u015ft\u00ee \u00e7alakiy\u00ean h\u00eaz\u00ean me art\u00ea\u015fa Tirk a dagirker \u00fb \u00e7etey\u00ean w\u00ea li dij\u00ee her\u00eam\u00ean siv\u00eel y\u00ean gund\u00ea Soxanek\u00ea, Aq\u00eeb\u00ea \u00ean bi ser \u015e\u00earawa, Mer\u2019enaz, \u015eewarxa, Elqamiy\u00ea, Malikiy\u00ea y\u00ean bi ser \u015eera her wiha gund\u00ea Hirbil y\u00ea bi ser her\u00eama \u015eehba bi dijwari topbaran kirin. <br \/>Em wek H\u00eaz\u00ean Rizgariya Efr\u00een\u00ea diyar dikin ku \u00ear\u00ee\u015f\u00ean dagirkeran w\u00ea tu car\u00ee b\u00ea bersiv nem\u00eene. <br \/>H\u00eaz\u00ean Rizgariya Efr\u00een | 4\u00ea Kan\u00fbn 2019 <br \/><br \/><\/p>\r\n\r\n\r\n\r\n<p>\u0634\u0627\u0647\u062f \u0627\u0644\u0641\u064a\u062f\u064a\u0648 \u0639\u0628\u0631 \u0627\u0644\u0631\u0627\u0628\u0637 \u0627\u0644\u062a\u0627\u0644\u064a :<\/p>\r\n\r\n\r\n\r\n<p dir=\"ltr\"><a href=\"http:\/\/t.me\/HRE_official_kurdish\/442\">t.me\/HRE_official_kurdish\/442<\/a><\/p>\r\n\r\n\r\n\r\n<p dir=\"ltr\"><a href=\"http:\/\/t.me\/HRE_official_kurdish\/443\">t.me\/HRE_official_kurdish\/443<\/a><\/p>\r\n","protected":false},"excerpt":{"rendered":"<p>Di \u00e7alakiy\u00ean tolhildan\u00ea de 7 le\u015fker \u00fb \u00e7ete hatin ku\u015ftin Em weke H\u00eaz\u00ean Rizgariya Efr\u00een, ji bo zarok\u00ean Efr\u00een\u2019\u00ea y\u00ean ku li Til Rifat\u00ea ji aliy\u00ea dewleta dagirker a Tirk ve hatin qetilkirin, em\u00ea tola zarok\u00ean Efr\u00een\u2019\u00ea ji dagirkeran rakin. Li ser v\u00ea esas\u00ee h\u00eaz\u00ean me \u00eero li Efr\u00een, Ezaz \u00fb Mare li dij\u00ee dagirkeran &hellip;<\/p>\n","protected":false},"author":1,"featured_media":1937,"comment_status":"open","ping_status":"open","sticky":false,"template":"","format":"standard","meta":{"_jetpack_memberships_contains_paid_content":false,"footnotes":""},"categories":[24,25],"tags":[],"class_list":["post-1938","post","type-post","status-publish","format-standard","has-post-thumbnail","hentry","category-24","category-25"],"jetpack_featured_media_url":"https:\/\/hre-official.com\/wp-content\/uploads\/2023\/04\/Screenshot_2023-04-18-21-46-01-850-edit_org.telegram.messenger.jpg","jetpack_sharing_enabled":true,"_links":{"self":[{"href":"https:\/\/hre-official.com\/index.php?rest_route=\/wp\/v2\/posts\/1938","targetHints":{"allow":["GET"]}}],"collection":[{"href":"https:\/\/hre-official.com\/index.php?rest_route=\/wp\/v2\/posts"}],"about":[{"href":"https:\/\/hre-official.com\/index.php?rest_route=\/wp\/v2\/types\/post"}],"author":[{"embeddable":true,"href":"https:\/\/hre-official.com\/index.php?rest_route=\/wp\/v2\/users\/1"}],"replies":[{"embeddable":true,"href":"https:\/\/hre-official.com\/index.php?rest_route=%2Fwp%2Fv2%2Fcomments&post=1938"}],"version-history":[{"count":0,"href":"https:\/\/hre-official.com\/index.php?rest_route=\/wp\/v2\/posts\/1938\/revisions"}],"wp:featuredmedia":[{"embeddable":true,"href":"https:\/\/hre-official.com\/index.php?rest_route=\/wp\/v2\/media\/1937"}],"wp:attachment":[{"href":"https:\/\/hre-official.com\/index.php?rest_route=%2Fwp%2Fv2%2Fmedia&parent=1938"}],"wp:term":[{"taxonomy":"category","embeddable":true,"href":"https:\/\/hre-official.com\/index.php?rest_route=%2Fwp%2Fv2%2Fcategories&post=1938"},{"taxonomy":"post_tag","embeddable":true,"href":"https:\/\/hre-official.com\/index.php?rest_route=%2Fwp%2Fv2%2Ftags&post=1938"}],"curies":[{"name":"wp","href":"https:\/\/api.w.org\/{rel}","templated":true}]}}