{"id":1935,"date":"2019-12-03T13:15:58","date_gmt":"2019-12-03T13:15:58","guid":{"rendered":"https:\/\/hre-official.com\/?p=1935"},"modified":"2024-08-22T18:21:41","modified_gmt":"2024-08-22T18:21:41","slug":"%d8%a7%d8%b3%d8%aa%d8%b4%d9%87%d8%a7%d8%af-%d8%b1%d9%81%d9%8a%d9%82%d9%86%d8%a7-%d8%a7%d9%84%d8%b4%d9%87%d9%8a%d8%af-%d8%b1%d9%88%d9%86%d9%8a-%d8%ac%d9%86%d8%af%d9%8a%d8%b1%d8%b3","status":"publish","type":"post","link":"https:\/\/hre-official.com\/?p=1935","title":{"rendered":"\u0627\u0633\u062a\u0634\u0647\u0627\u062f \u0627\u062d\u062f \u0631\u0641\u0627\u0642\u0646\u0627 \u0631\u0641\u064a\u0642\u0646\u0627 \u0627\u0644\u0634\u0647\u064a\u062f \u0631\u0648\u0646\u064a \u062c\u0646\u062f\u064a\u0631\u0633"},"content":{"rendered":"\r\n<p dir=\"ltr\"><strong>Em r\u00eaheval\u00ean xwe Eynat Rojava \u00fb Ron\u00ee Cindir\u00eas bi b\u00eer t\u00eenin!<\/strong><\/p>\r\n\r\n\r\n\r\n<p dir=\"ltr\"><strong>Eynat Rojava ile Roni Cindir\u00eas yolda\u015flar\u0131m\u0131z\u0131 sayg\u0131 ve minnetle an\u0131yoruz<\/strong><\/p>\r\n\r\n\r\n\r\n<p dir=\"ltr\">R\u00eaheval\u00ea me Eynat Rojava di d\u00eeroka 1\u00ea Kan\u00fbn\u00ea de \u00fb R\u00eaheval\u00ea me Ron\u00ee Cindir\u00eas di 20\u00ea Mijdar\u00ea de di berxwedana qonaxa d\u00fbyem\u00een y\u00ea rizgarkirina Efr\u00een\u00ea de li Efr\u00een\u00ea \u015feh\u00eed b\u00fbn.<\/p>\r\n\r\n\r\n\r\n<p dir=\"ltr\">Hevr\u00ea Eynat, di nava malbatek\u00ee welatpar\u00eaz de li nav\u00e7eya Mabeta y\u00ea bi ser Efr\u00een\u00ea ji dayik b\u00fb. Pi\u015ft\u00ee dagirkirina Efr\u00een\u00ea ji aliy\u00ea art\u00ea\u015fa Tirk a dagirker \u00fb \u00e7etey\u00ean w\u00ea ve, bi bandora berxwedana li dij\u00ee dagirkeriy\u00ea tevli ref\u00ean me b\u00fb. Hevr\u00ea Eynat, bi h\u00ears \u00fb k\u00eeneke mezin \u00fb heta h\u00eanase xwe ya daw\u00ee li hember dagirkeriy\u00ea t\u00eako\u015f\u00eena xwe domand \u00fb bi biryardariyeke mezin peywir\u00ean xwe di nava berxwedan\u00ea de bi c\u00eeh an\u00ee.<\/p>\r\n\r\n\r\n\r\n<p dir=\"ltr\">Hevr\u00ea Ron\u00ee, di nava malbetek\u00ee welatpar\u00eaz de li nav\u00e7eya Cindir\u00eas y\u00ea bi ser Efr\u00een\u00ea ji dayik b\u00fb. Art\u00ea\u015fa Tirk a dagirker \u00fb kom\u00ean \u00e7ete y\u00ean bi ser ve pi\u015ft\u00ee ku Efr\u00een dagir kirin, bi bandor b\u00fbna ji t\u00eako\u015f\u00eena rizgariya her\u00eama Efr\u00een\u00ea tevl\u00ee ref\u00ean me b\u00fb. Hevr\u00ea Ron\u00ee di jiyan\u00ea de sekna xwe ya w\u00earek \u00fb fedakar di her k\u00ealiya jiyan\u00ea de parast \u00fb hetan\u00ee h\u00eanasa xwe ya dawiy\u00ea j\u00ee li dij\u00ee dagirkeriya Efr\u00eene t\u00eako\u015fina xwe domand. Hevr\u00ea Ron\u00ee, erk \u00fb berpirsiyartiy\u00ean ku di berxwedaniy\u00ea de li ser xwe wergirtib\u00fb bi azweriyeke xurt bi c\u00eeh an\u00ee.<\/p>\r\n\r\n\r\n\r\n<p dir=\"ltr\"><strong>Nasnameya r\u00eaheval\u00ea me y\u00ea \u015feh\u00eed wiha ye;<\/strong><\/p>\r\n\r\n\r\n\r\n<p style=\"text-align: left;\"><strong>Nasnav: <\/strong>Eynat Rojava<br \/><br \/><strong>Nav \u00fb Pa\u015fnav: <\/strong>Ebdilmecid Hemo<\/p>\r\n\r\n\r\n\r\n<p style=\"text-align: left;\"><strong>Nav\u00ea Day\u00eek: <\/strong>Nesr\u00een<br \/><br \/><strong>Nav\u00ea Bav: <\/strong>Mistefa<\/p>\r\n\r\n\r\n\r\n<p style=\"text-align: left;\"><strong>Cih \u00fb d\u00eeroka ji day\u00eekb\u00fbn\u00ea : <\/strong>Efr\u00een-Mabata<\/p>\r\n\r\n\r\n\r\n<p style=\"text-align: left;\"><strong>Cih \u00fb d\u00eeroka \u015fehadete:<\/strong> Efr\u00een | 1\u00ea Kan\u00fbn 2019<\/p>\r\n\r\n\r\n\r\n<p style=\"text-align: left;\">***<br \/><strong>Nasnav: <\/strong>Ron\u00ee Cindir\u00eas<\/p>\r\n\r\n\r\n\r\n<p style=\"text-align: left;\"><strong>Nav \u00fb Pa\u015fnav:<\/strong> Cihad Mihemed<\/p>\r\n<p style=\"text-align: left;\"><strong>Nav\u00ea Dayik\u00ea:<\/strong> Qalye<\/p>\r\n<p style=\"text-align: left;\"><strong>Nav\u00ea Bav: <\/strong>Qadifl\u00ee<\/p>\r\n<p style=\"text-align: left;\"><strong>Cih \u00fb D\u00eeroka Ji dayikb\u00fbn\u00ea:<\/strong> Efr\u00een-Cindir\u00eas<\/p>\r\n\r\n\r\n\r\n<p dir=\"ltr\" style=\"text-align: left;\"><strong>Cih \u00fb D\u00eeroka \u015eehadet\u00ea:<\/strong> Efr\u00een | 20\u00ea Mijdar 2019<\/p>\r\n\r\n\r\n\r\n<p dir=\"ltr\">Em hevr\u00ea Ron\u00ee \u00fb Zinar bi b\u00eer t\u00eenin ji malbata wan \u00fb gel\u00ea xwe re ser saxiy\u00ea dixwazin.<\/p>\r\n\r\n\r\n\r\n<p dir=\"ltr\"><strong>H\u00eaz\u00ean Rizgariya Efr\u00een |<\/strong> 3\u00ea Kan\u00fbn 2019<br \/><br \/><br \/><\/p>\r\n\r\n\r\n\r\n<p>&nbsp;<\/p>\r\n\r\n\r\n\r\n<p dir=\"ltr\"><strong>\u015eehid d\u00fc\u015fen Eynat Rojava ile Roni Cindir\u00eas yolda\u015flar\u0131m\u0131z\u0131 sayg\u0131 ve minnetle an\u0131yoruz<\/strong><\/p>\r\n\r\n\r\n\r\n<p dir=\"ltr\">1 aral\u0131k tarihinde Eynat Rojava yolda\u015f ve 20 Kas\u0131m tarihinde Roni Cindir\u00eas yolda\u015f\u0131m\u0131z Efr\u00een\u2019i \u00f6zg\u00fcrle\u015ftirme kapsam\u0131 sonucunda, Efr\u00eende \u015fehit olmu\u015flard\u0131r.<\/p>\r\n\r\n\r\n\r\n<p dir=\"ltr\">Eynat Yolda\u015f, Efr\u00een\u2019in Mabeta il\u00e7esinde yurtsever bir ailede do\u011fup b\u00fcy\u00fcm\u00fc\u015ft\u00fcr. \u0130\u015fgalci T\u00fcrk ordusu ve g\u00fcd\u00fcm\u00fcndeki ter\u00f6rist gruplar taraf\u0131ndan Efr\u00een\u2019in i\u015fgali ard\u0131ndan geli\u015ftirmekte oldu\u011fumuz direni\u015ften etkilenerek saflar\u0131m\u0131za kat\u0131lm\u0131\u015ft\u0131r. Eynat yolda\u015f, i\u015fgalcilere kar\u015f\u0131 b\u00fcy\u00fck bir kin ve h\u0131rsla sonuna kadar direni\u015fi esas alm\u0131\u015ft\u0131r. Geli\u015ftirmekte oldu\u011fumuz kararl\u0131 direni\u015f sava\u015f\u0131nda \u00fczerine d\u00fc\u015fen g\u00f6rev ve sorumluluklar\u0131n\u0131 b\u00fcy\u00fck bir kararl\u0131l\u0131k ve tutkuyla yerine getirmi\u015ftir.<\/p>\r\n\r\n\r\n\r\n<p dir=\"ltr\">Roni yolda\u015f\u0131m\u0131z Efr\u00een\u2019in Cindir\u00eas il\u00e7esinde yurtsever bir ailede do\u011fup b\u00fcy\u00fcm\u00fc\u015ft\u00fcr. \u0130\u015fgalci T\u00fcrk ordusu ve g\u00fcd\u00fcm\u00fcndeki ter\u00f6rist gruplar taraf\u0131ndan\u00a0 Efr\u00een b\u00f6lgesinin edilmesinden b\u00fcy\u00fck \u00f6fke ya\u015fayan ve direni\u015ften etkilenerek Roni yolda\u015f saflar\u0131m\u0131za kat\u0131lm\u0131\u015ft\u0131r. Ya\u015famda fedakar ve cesur y\u00f6nleriyle tan\u0131nan Roni yolda\u015f, b\u00fcy\u00fck bir cesaretle direni\u015fte yerini alm\u0131\u015ft\u0131r. Direni\u015fte \u00fczerine d\u00fc\u015fen g\u00f6rev ve sorumluluklar\u0131n\u0131 b\u00fcy\u00fck tutku ile yerine getirmi\u015ftir.<\/p>\r\n\r\n\r\n\r\n<p dir=\"ltr\"><strong>\u015eehit d\u00fc\u015fen yolda\u015flar\u0131m\u0131z\u0131n kimlik bilgileri:<br \/><br \/>Kod Ad\u0131: <\/strong>Eynat Rojava<\/p>\r\n\r\n\r\n\r\n<p style=\"text-align: left;\"><strong>Ad\u0131 Soyad\u0131: <\/strong>Ebdilmecid Hemo<\/p>\r\n\r\n\r\n\r\n<p style=\"text-align: left;\"><strong>Ana Ad\u0131: <\/strong>Nesrin<\/p>\r\n\r\n\r\n\r\n<p style=\"text-align: left;\"><strong>Baba Ad\u0131:<\/strong> Mustafa<\/p>\r\n\r\n\r\n\r\n<p style=\"text-align: left;\"><strong>Do\u011fum Yeri:<\/strong> Efrin-Mabata<\/p>\r\n\r\n\r\n\r\n<p style=\"text-align: left;\"><strong>\u015eehadet Tarihi ve Yeri:<\/strong> Efr\u00een | 1 Aral\u0131k 2019<\/p>\r\n\r\n\r\n\r\n<p style=\"text-align: left;\"><strong>Kod Ad\u0131:<\/strong> Roni Cindir\u00eas<\/p>\r\n\r\n\r\n\r\n<p style=\"text-align: left;\"><strong>Ad\u0131 Soyad\u0131:<\/strong> Cihat Mihemed<\/p>\r\n\r\n\r\n\r\n<p style=\"text-align: left;\"><strong>Ana Ad\u0131:<\/strong> Qalye<\/p>\r\n\r\n\r\n\r\n<p style=\"text-align: left;\"><strong>Baba Ad\u0131:<\/strong> Qadifli<\/p>\r\n\r\n\r\n\r\n<p style=\"text-align: left;\"><strong>Do\u011fum Yeri: <\/strong>Efr\u00een-Cindir\u00eas<\/p>\r\n\r\n\r\n\r\n<p dir=\"ltr\"><strong>\u015eehadet Tarihi ve Yeri:<\/strong> 20 Kas\u0131m 2019<\/p>\r\n\r\n\r\n\r\n<p dir=\"ltr\">\u015eehid d\u00fc\u015fen her iki yolda\u015f\u0131m\u0131z\u0131n ba\u015fta aileleri olmak \u00fczere ve t\u00fcm halk\u0131m\u0131za ba\u015fsa\u011fl\u0131\u011f\u0131 diliyoruz.<\/p>\r\n\r\n\r\n\r\n<p dir=\"ltr\"><strong>Efr\u00een Kurtulu\u015f G\u00fc\u00e7leri |<\/strong> 3 Aral\u0131k 2019<\/p>\r\n\r\n\r\n\r\n<figure class=\"wp-block-image size-large\"><img loading=\"lazy\" decoding=\"async\" width=\"683\" height=\"1024\" class=\"wp-image-1934\" src=\"https:\/\/hre-official.com\/wp-content\/uploads\/2023\/04\/IMG_20230418_214120_553-1-683x1024.jpg\" alt=\"\" srcset=\"https:\/\/hre-official.com\/wp-content\/uploads\/2023\/04\/IMG_20230418_214120_553-1-683x1024.jpg 683w, https:\/\/hre-official.com\/wp-content\/uploads\/2023\/04\/IMG_20230418_214120_553-1-200x300.jpg 200w, https:\/\/hre-official.com\/wp-content\/uploads\/2023\/04\/IMG_20230418_214120_553-1.jpg 720w\" sizes=\"auto, (max-width: 683px) 100vw, 683px\" \/><\/figure>\r\n\r\n\r\n\r\n<p>&nbsp;<\/p>\r\n","protected":false},"excerpt":{"rendered":"<p>Em r\u00eaheval\u00ean xwe Eynat Rojava \u00fb Ron\u00ee Cindir\u00eas bi b\u00eer t\u00eenin! Eynat Rojava ile Roni Cindir\u00eas yolda\u015flar\u0131m\u0131z\u0131 sayg\u0131 ve minnetle an\u0131yoruz R\u00eaheval\u00ea me Eynat Rojava di d\u00eeroka 1\u00ea Kan\u00fbn\u00ea de \u00fb R\u00eaheval\u00ea me Ron\u00ee Cindir\u00eas di 20\u00ea Mijdar\u00ea de di berxwedana qonaxa d\u00fbyem\u00een y\u00ea rizgarkirina Efr\u00een\u00ea de li Efr\u00een\u00ea \u015feh\u00eed b\u00fbn. Hevr\u00ea Eynat, di nava &hellip;<\/p>\n","protected":false},"author":1,"featured_media":3267,"comment_status":"open","ping_status":"open","sticky":false,"template":"","format":"standard","meta":{"_jetpack_memberships_contains_paid_content":false,"footnotes":""},"categories":[26],"tags":[],"class_list":["post-1935","post","type-post","status-publish","format-standard","has-post-thumbnail","hentry","category-26"],"jetpack_featured_media_url":"https:\/\/hre-official.com\/wp-content\/uploads\/2019\/12\/Roni-Cindires.jpg","jetpack_sharing_enabled":true,"_links":{"self":[{"href":"https:\/\/hre-official.com\/index.php?rest_route=\/wp\/v2\/posts\/1935","targetHints":{"allow":["GET"]}}],"collection":[{"href":"https:\/\/hre-official.com\/index.php?rest_route=\/wp\/v2\/posts"}],"about":[{"href":"https:\/\/hre-official.com\/index.php?rest_route=\/wp\/v2\/types\/post"}],"author":[{"embeddable":true,"href":"https:\/\/hre-official.com\/index.php?rest_route=\/wp\/v2\/users\/1"}],"replies":[{"embeddable":true,"href":"https:\/\/hre-official.com\/index.php?rest_route=%2Fwp%2Fv2%2Fcomments&post=1935"}],"version-history":[{"count":0,"href":"https:\/\/hre-official.com\/index.php?rest_route=\/wp\/v2\/posts\/1935\/revisions"}],"wp:featuredmedia":[{"embeddable":true,"href":"https:\/\/hre-official.com\/index.php?rest_route=\/wp\/v2\/media\/3267"}],"wp:attachment":[{"href":"https:\/\/hre-official.com\/index.php?rest_route=%2Fwp%2Fv2%2Fmedia&parent=1935"}],"wp:term":[{"taxonomy":"category","embeddable":true,"href":"https:\/\/hre-official.com\/index.php?rest_route=%2Fwp%2Fv2%2Fcategories&post=1935"},{"taxonomy":"post_tag","embeddable":true,"href":"https:\/\/hre-official.com\/index.php?rest_route=%2Fwp%2Fv2%2Ftags&post=1935"}],"curies":[{"name":"wp","href":"https:\/\/api.w.org\/{rel}","templated":true}]}}