{"id":1925,"date":"2019-12-03T18:20:17","date_gmt":"2019-12-03T18:20:17","guid":{"rendered":"https:\/\/hre-official.com\/?p=1925"},"modified":"2023-05-29T20:05:52","modified_gmt":"2023-05-29T20:05:52","slug":"%d9%81%d9%8a-%d8%b9%d9%85%d9%84%d9%8a%d8%a9-%d8%a5%d9%86%d8%aa%d9%82%d8%a7%d9%85%d9%8a%d8%a9%d8%8c-%d9%82%d8%aa%d9%84-%d9%a5-%d9%85%d8%b1%d8%aa%d8%b2%d9%82%d8%a9-%d8%aa%d8%a7%d8%a8%d8%b9%d9%8a%d9%86","status":"publish","type":"post","link":"https:\/\/hre-official.com\/?p=1925","title":{"rendered":"\u0641\u064a \u0639\u0645\u0644\u064a\u0629 \u0625\u0646\u062a\u0642\u0627\u0645\u064a\u0629\u060c \u0642\u062a\u0644 \u0665 \u0645\u0631\u062a\u0632\u0642\u0629 \u062a\u0627\u0628\u0639\u064a\u0646 \u0644\u0644\u0627\u062d\u062a\u0644\u0627\u0644 \u0627\u0644\u062a\u0631\u0643\u064a"},"content":{"rendered":"\r\n<p dir=\"ltr\">Di \u00e7alakiy\u00ean tolhildan\u00ea de 5 \u00e7ete hatin ku\u015ftin <br \/>Di \u00e7ar\u00e7oveya \u00e7alakiy\u00ean tolhildan\u00ea de h\u00eaz\u00ean me li her\u00eama Bab\u00ea li dij\u00ee art\u00ea\u015fa Tirk a dagirker \u00fb \u00e7etey\u00ean w\u00ea \u00e7alakiyek bi bandor li dar xistin. <br \/>Di d\u00eeroka 2\u00ea Kan\u00fbn\u00ea de h\u00eaz\u00ean me li gund\u00ea Ebl\u00ea y\u00ea bi ser her\u00eama Bab\u00ea li dij\u00ee \u00e7eper \u00fb barageh\u00ean \u00e7etey\u00ean art\u00ea\u015fa Tirk a dagirker \u00e7alakiyek bi \u015f\u00eawaz\u00ea sizme hat li dar xistin. Di encam\u00ea de 5 \u00e7ete hatin ku\u015ftin \u00fb hejmarek bir\u00eendar\u00ean wan \u00e7\u00eab\u00fbn, l\u00ea bel\u00ea ne hat zelalkirin. <br \/>Her wiha pi\u015ft\u00ee \u00e7alakiya h\u00eaz\u00ean me art\u00ea\u015fa Tirk a dagirker \u00fb \u00e7etey\u00ean w\u00ea gund\u00ean Til C\u00eecan, Sem\u00fbqa \u00fb Til Med\u00eeq y\u00ea bi ser her\u00eama \u015eehba bi dijwar\u00ee topbaran kir. <br \/>H\u00eaz\u00ean Rizgariya Efr\u00een | 3 Kan\u00fbn 2019 <br \/><br \/><\/p>\r\n","protected":false},"excerpt":{"rendered":"<p>Di \u00e7alakiy\u00ean tolhildan\u00ea de 5 \u00e7ete hatin ku\u015ftin Di \u00e7ar\u00e7oveya \u00e7alakiy\u00ean tolhildan\u00ea de h\u00eaz\u00ean me li her\u00eama Bab\u00ea li dij\u00ee art\u00ea\u015fa Tirk a dagirker \u00fb \u00e7etey\u00ean w\u00ea \u00e7alakiyek bi bandor li dar xistin. Di d\u00eeroka 2\u00ea Kan\u00fbn\u00ea de h\u00eaz\u00ean me li gund\u00ea Ebl\u00ea y\u00ea bi ser her\u00eama Bab\u00ea li dij\u00ee \u00e7eper \u00fb barageh\u00ean \u00e7etey\u00ean art\u00ea\u015fa &hellip;<\/p>\n","protected":false},"author":1,"featured_media":1924,"comment_status":"open","ping_status":"open","sticky":false,"template":"","format":"standard","meta":{"_jetpack_memberships_contains_paid_content":false,"footnotes":""},"categories":[24,25],"tags":[],"class_list":["post-1925","post","type-post","status-publish","format-standard","has-post-thumbnail","hentry","category-24","category-25"],"jetpack_featured_media_url":"https:\/\/hre-official.com\/wp-content\/uploads\/2023\/04\/FB_IMG_1681514496804-2.jpg","jetpack_sharing_enabled":true,"_links":{"self":[{"href":"https:\/\/hre-official.com\/index.php?rest_route=\/wp\/v2\/posts\/1925","targetHints":{"allow":["GET"]}}],"collection":[{"href":"https:\/\/hre-official.com\/index.php?rest_route=\/wp\/v2\/posts"}],"about":[{"href":"https:\/\/hre-official.com\/index.php?rest_route=\/wp\/v2\/types\/post"}],"author":[{"embeddable":true,"href":"https:\/\/hre-official.com\/index.php?rest_route=\/wp\/v2\/users\/1"}],"replies":[{"embeddable":true,"href":"https:\/\/hre-official.com\/index.php?rest_route=%2Fwp%2Fv2%2Fcomments&post=1925"}],"version-history":[{"count":0,"href":"https:\/\/hre-official.com\/index.php?rest_route=\/wp\/v2\/posts\/1925\/revisions"}],"wp:featuredmedia":[{"embeddable":true,"href":"https:\/\/hre-official.com\/index.php?rest_route=\/wp\/v2\/media\/1924"}],"wp:attachment":[{"href":"https:\/\/hre-official.com\/index.php?rest_route=%2Fwp%2Fv2%2Fmedia&parent=1925"}],"wp:term":[{"taxonomy":"category","embeddable":true,"href":"https:\/\/hre-official.com\/index.php?rest_route=%2Fwp%2Fv2%2Fcategories&post=1925"},{"taxonomy":"post_tag","embeddable":true,"href":"https:\/\/hre-official.com\/index.php?rest_route=%2Fwp%2Fv2%2Ftags&post=1925"}],"curies":[{"name":"wp","href":"https:\/\/api.w.org\/{rel}","templated":true}]}}