{"id":1912,"date":"2019-11-29T11:23:22","date_gmt":"2019-11-29T11:23:22","guid":{"rendered":"https:\/\/hre-official.com\/?p=1912"},"modified":"2023-05-29T20:07:52","modified_gmt":"2023-05-29T20:07:52","slug":"%d9%81%d9%8a-%d8%b9%d9%85%d9%84%d9%8a%d8%a9-%d8%a5%d9%86%d8%aa%d9%82%d8%a7%d9%85%d9%8a%d8%a9-%d9%85%d9%86-%d9%82%d8%a8%d9%84-%d9%82%d9%88%d8%a7%d8%aa%d9%86%d8%a7-%d9%82%d8%aa%d9%84-%d9%a4-%d8%ac%d9%86","status":"publish","type":"post","link":"https:\/\/hre-official.com\/?p=1912","title":{"rendered":"\u0641\u064a \u0639\u0645\u0644\u064a\u0629 \u0625\u0646\u062a\u0642\u0627\u0645\u064a\u0629 \u0645\u0646 \u0642\u0628\u0644 \u0642\u0648\u0627\u062a\u0646\u0627 \u0642\u062a\u0644 \u0664 \u062c\u0646\u0648\u062f \u0627\u0644\u0627\u062d\u062a\u0644\u0627\u0644 \u0627\u0644\u062a\u0631\u0643\u064a \u0648 \u0645\u0631\u062a\u0632\u0642"},"content":{"rendered":"\r\n<p dir=\"ltr\">Di \u00e7alakiy\u00ean tolhildan\u00ea de 4 le\u015fker \u00fb \u00e7ete hatin ku\u015ftin <br \/>H\u00eaz\u00ean me di \u00e7ar\u00e7oveya \u00e7alakiy\u00ean xwe y\u00ean tolhildan\u00ea de li dij\u00ee art\u00ea\u015fa Tirk a dagirker \u00fb \u00e7etey\u00ean w\u00ea li her\u00eama Efr\u00een \u00fb Mare \u00e7alakiy\u00ean bi bandor li dar xistin. <br \/>Di d\u00eeroka 28\u00ea Mijdar\u00ea de h\u00eaz\u00ean me li gund\u00ea Malikiy\u00ea y\u00ea bi ser nav\u00e7eya \u015eera li dij\u00ee baragehek art\u00ea\u015fa Tirk a dagirker \u00e7alakiyek bi \u015f\u00eawaz\u00ea sizme li dar xistin. Di encam\u00ea de de 2 le\u015fker\u00ean art\u00ea\u015fa Tirk hatin ku\u015ftin. <br \/>Di d\u00eeroka 28\u00ea Mijdar\u00ea de h\u00eaz\u00ean me li bajar\u00ea Efr\u00een taxa E\u015frefiy\u00ea li dij\u00ee \u00e7etey\u00ean koma bi nav\u00ea Firqat el-Hemze \u00e7alakiyek sabotaj\u00ea li dar xistin. Di encam\u00ea de seyareyek le\u015fkeri hat r\u00fbxandin, \u00e7etey\u00ea bi nav\u00ea Rab\u00ee Eb\u00fb Arif hat ku\u015ftin \u00fb \u00e7eteyek j\u00ee bir\u00eendar b\u00fb. <br \/>Di heman d\u00eerok\u00ea de h\u00eaz\u00ean me li derdora bajar\u00ea Mare li dij\u00ee \u00e7etey\u00ean art\u00ea\u015fa Tirk a dagirker \u00e7alakiyek sekvan\u00ee li dar xistin. Di encam\u00ea de \u00e7eteyek hat ku\u015ftin. <br \/>Her wiha art\u00ea\u015fa Tirk a dagirker \u00fb \u00e7etey\u00ean w\u00ea gund\u00ean Malikiy\u00ea, Mer\u2019enaz, \u015eewarixa y\u00ea bi ser nav\u00e7eya \u015eera \u00fb gund\u00ean Aq\u00eeb\u00ea, B\u00ean\u00ea y\u00ea bi ser nav\u00e7eya \u015e\u00earawa bi ob\u00fcs \u00fb hawanan dijwar\u00ee topbaran kir. <br \/>H\u00eaz\u00ean Rizgariya Efr\u00een | 29 Mijdar 2019<\/p>\r\n<p>\u0634\u0627\u0647\u062f \u0627\u0644\u0641\u064a\u062f\u064a\u0648 \u0639\u0628\u0631 \u0627\u0644\u0631\u0627\u0628\u0637 \u0627\u0644\u062a\u0627\u0644\u064a :<\/p>\r\n<p>\r\n\r\n<\/p>\r\n<p dir=\"ltr\"><a href=\"http:\/\/t.me\/HRE_official_kurdish\/431\">t.me\/HRE_official_kurdish\/431<\/a><\/p>\r\n\r\n\r\n\r\n<figure class=\"wp-block-image size-large\"><img loading=\"lazy\" decoding=\"async\" width=\"300\" height=\"225\" class=\"wp-image-1914\" src=\"https:\/\/hre-official.com\/wp-content\/uploads\/2023\/04\/IMG_20230417_212825_183-300x225.jpg\" alt=\"\" srcset=\"https:\/\/hre-official.com\/wp-content\/uploads\/2023\/04\/IMG_20230417_212825_183-300x225.jpg 300w, https:\/\/hre-official.com\/wp-content\/uploads\/2023\/04\/IMG_20230417_212825_183-768x576.jpg 768w, https:\/\/hre-official.com\/wp-content\/uploads\/2023\/04\/IMG_20230417_212825_183.jpg 1024w\" sizes=\"auto, (max-width: 300px) 100vw, 300px\" \/><\/figure>\r\n\r\n\r\n\r\n<figure class=\"wp-block-image\"><img loading=\"lazy\" decoding=\"async\" width=\"300\" height=\"225\" class=\"wp-image-1915\" src=\"https:\/\/hre-official.com\/wp-content\/uploads\/2023\/04\/IMG_20230417_212820_872-300x225.jpg\" alt=\"\" srcset=\"https:\/\/hre-official.com\/wp-content\/uploads\/2023\/04\/IMG_20230417_212820_872-300x225.jpg 300w, https:\/\/hre-official.com\/wp-content\/uploads\/2023\/04\/IMG_20230417_212820_872-768x576.jpg 768w, https:\/\/hre-official.com\/wp-content\/uploads\/2023\/04\/IMG_20230417_212820_872.jpg 1024w\" sizes=\"auto, (max-width: 300px) 100vw, 300px\" \/><\/figure>\r\n\r\n\r\n\r\n<p>&nbsp;<\/p>\r\n","protected":false},"excerpt":{"rendered":"<p>Di \u00e7alakiy\u00ean tolhildan\u00ea de 4 le\u015fker \u00fb \u00e7ete hatin ku\u015ftin H\u00eaz\u00ean me di \u00e7ar\u00e7oveya \u00e7alakiy\u00ean xwe y\u00ean tolhildan\u00ea de li dij\u00ee art\u00ea\u015fa Tirk a dagirker \u00fb \u00e7etey\u00ean w\u00ea li her\u00eama Efr\u00een \u00fb Mare \u00e7alakiy\u00ean bi bandor li dar xistin. Di d\u00eeroka 28\u00ea Mijdar\u00ea de h\u00eaz\u00ean me li gund\u00ea Malikiy\u00ea y\u00ea bi ser nav\u00e7eya \u015eera li &hellip;<\/p>\n","protected":false},"author":1,"featured_media":1916,"comment_status":"open","ping_status":"open","sticky":false,"template":"","format":"standard","meta":{"_jetpack_memberships_contains_paid_content":false,"footnotes":""},"categories":[24,25],"tags":[],"class_list":["post-1912","post","type-post","status-publish","format-standard","has-post-thumbnail","hentry","category-24","category-25"],"jetpack_featured_media_url":"https:\/\/hre-official.com\/wp-content\/uploads\/2023\/04\/IMG_20230417_212915.jpg","jetpack_sharing_enabled":true,"_links":{"self":[{"href":"https:\/\/hre-official.com\/index.php?rest_route=\/wp\/v2\/posts\/1912","targetHints":{"allow":["GET"]}}],"collection":[{"href":"https:\/\/hre-official.com\/index.php?rest_route=\/wp\/v2\/posts"}],"about":[{"href":"https:\/\/hre-official.com\/index.php?rest_route=\/wp\/v2\/types\/post"}],"author":[{"embeddable":true,"href":"https:\/\/hre-official.com\/index.php?rest_route=\/wp\/v2\/users\/1"}],"replies":[{"embeddable":true,"href":"https:\/\/hre-official.com\/index.php?rest_route=%2Fwp%2Fv2%2Fcomments&post=1912"}],"version-history":[{"count":0,"href":"https:\/\/hre-official.com\/index.php?rest_route=\/wp\/v2\/posts\/1912\/revisions"}],"wp:featuredmedia":[{"embeddable":true,"href":"https:\/\/hre-official.com\/index.php?rest_route=\/wp\/v2\/media\/1916"}],"wp:attachment":[{"href":"https:\/\/hre-official.com\/index.php?rest_route=%2Fwp%2Fv2%2Fmedia&parent=1912"}],"wp:term":[{"taxonomy":"category","embeddable":true,"href":"https:\/\/hre-official.com\/index.php?rest_route=%2Fwp%2Fv2%2Fcategories&post=1912"},{"taxonomy":"post_tag","embeddable":true,"href":"https:\/\/hre-official.com\/index.php?rest_route=%2Fwp%2Fv2%2Ftags&post=1912"}],"curies":[{"name":"wp","href":"https:\/\/api.w.org\/{rel}","templated":true}]}}