{"id":1902,"date":"2019-11-27T05:35:00","date_gmt":"2019-11-27T05:35:00","guid":{"rendered":"https:\/\/hre-official.com\/?p=1902"},"modified":"2023-05-29T20:14:37","modified_gmt":"2023-05-29T20:14:37","slug":"%d9%85%d9%82%d8%aa%d9%84-%d9%a5-%d9%85%d8%b1%d8%aa%d8%b2%d9%82%d8%a9-%d8%aa%d8%a7%d8%a8%d8%b9%d9%8a%d9%86-%d9%84%d9%84%d8%a7%d8%ad%d8%aa%d9%84%d8%a7%d9%84-%d8%a7%d9%84%d8%aa%d8%b1%d9%83%d9%8a-%d8%a8","status":"publish","type":"post","link":"https:\/\/hre-official.com\/?p=1902","title":{"rendered":"\u0645\u0642\u062a\u0644 \u0665 \u0645\u0631\u062a\u0632\u0642\u0629 \u062a\u0627\u0628\u0639\u064a\u0646 \u0644\u0644\u0627\u062d\u062a\u0644\u0627\u0644 \u0627\u0644\u062a\u0631\u0643\u064a \u0628\u0639\u0645\u0644\u064a\u0629 \u0627\u0646\u062a\u0642\u0627\u0645\u064a\u0629"},"content":{"rendered":"\r\n<p dir=\"ltr\">Di \u00e7alakiy\u00ean tolhildan\u00ea de 5 \u00e7etey\u00ean dagirker hatin ku\u015ftin <br \/>H\u00eaz\u00ean me di \u00e7ar\u00e7oveya \u00e7alakiy\u00ean xwe y\u00ean tolhildan\u00ea li dij\u00ee art\u00ea\u015fa Tirk a dagirker \u00fb \u00e7etey\u00ean w\u00ea didom\u00eenin. <br \/>Di d\u00eeroka 25\u00ea Mijdar\u00ea de h\u00eaz\u00ean me li gund\u00ea Tuweys y\u00ea bi ser her\u00eama Mare\u2019\u00ea \u00e7eper \u00fb barageh\u00ean gir\u00eaday\u00ee \u00e7etey\u00ean koma bi nav\u00ea L\u00eewa Waqqas bi \u00e7alakiyek \u015f\u00eawaz\u00ea sizme kirin hedef. Di encama \u015fer \u00fb p\u00eav\u00e7\u00fbn\u00ean qewim\u00een de seyareyk hat r\u00fbxandin, 5 \u00e7etey\u00ean koma navbor\u00ee hatin ku\u015ftin \u00fb 6 ji wan bir\u00eendar b\u00fbn. Her wiha 4 \u00e7ek\u00ean AK-47, 1 BKC, 1 termal \u00fb 2 c\u00eehaz ket dest\u00ea h\u00eaz\u00ean me. <br \/>Di heman d\u00eerok\u00ea de li gund\u00ea Malikiy\u00ea y\u00ea bi ser nav\u00e7eya \u015eera art\u00ea\u015fa Tirk a dagirker hewl dan \u00ear\u00ee\u015fek bidin destp\u00ea kirin. Di encama p\u00eav\u00e7\u00fbn\u00ean ku qewim\u00een de hewl dan vala hat derxistin. <br \/>Di heman dem\u00ea de pi\u015ft\u00ee \u00e7alakiyan art\u00ea\u015fa Tirk a dagirker gund\u00ea Mer\u2019enaz y\u00ea bi ser nav\u00e7eya \u015eera topbaran kirin. <br \/>H\u00eaz\u00ean Rizgariya Efr\u00een | 26\u00ea Mijdaar 2019 <br \/><br \/><\/p>\r\n\r\n\r\n\r\n<p>\u0634\u0627\u0647\u062f \u0627\u0644\u0641\u064a\u062f\u064a\u0648 \u0639\u0628\u0631 \u0627\u0644\u0631\u0627\u0628\u0637 \u0627\u0644\u062a\u0627\u0644\u064a :<\/p>\r\n\r\n\r\n\r\n<p dir=\"ltr\"><a href=\"http:\/\/t.me\/HRE_official_kurdish\/414\">t.me\/HRE_official_kurdish\/414<\/a><\/p>\r\n","protected":false},"excerpt":{"rendered":"<p>Di \u00e7alakiy\u00ean tolhildan\u00ea de 5 \u00e7etey\u00ean dagirker hatin ku\u015ftin H\u00eaz\u00ean me di \u00e7ar\u00e7oveya \u00e7alakiy\u00ean xwe y\u00ean tolhildan\u00ea li dij\u00ee art\u00ea\u015fa Tirk a dagirker \u00fb \u00e7etey\u00ean w\u00ea didom\u00eenin. Di d\u00eeroka 25\u00ea Mijdar\u00ea de h\u00eaz\u00ean me li gund\u00ea Tuweys y\u00ea bi ser her\u00eama Mare\u2019\u00ea \u00e7eper \u00fb barageh\u00ean gir\u00eaday\u00ee \u00e7etey\u00ean koma bi nav\u00ea L\u00eewa Waqqas bi \u00e7alakiyek \u015f\u00eawaz\u00ea &hellip;<\/p>\n","protected":false},"author":1,"featured_media":1901,"comment_status":"open","ping_status":"open","sticky":false,"template":"","format":"standard","meta":{"_jetpack_memberships_contains_paid_content":false,"footnotes":""},"categories":[24,25],"tags":[],"class_list":["post-1902","post","type-post","status-publish","format-standard","has-post-thumbnail","hentry","category-24","category-25"],"jetpack_featured_media_url":"https:\/\/hre-official.com\/wp-content\/uploads\/2023\/04\/Screenshot_2023-04-15-01-37-51-652-edit_org.telegram.messenger.jpg","jetpack_sharing_enabled":true,"_links":{"self":[{"href":"https:\/\/hre-official.com\/index.php?rest_route=\/wp\/v2\/posts\/1902","targetHints":{"allow":["GET"]}}],"collection":[{"href":"https:\/\/hre-official.com\/index.php?rest_route=\/wp\/v2\/posts"}],"about":[{"href":"https:\/\/hre-official.com\/index.php?rest_route=\/wp\/v2\/types\/post"}],"author":[{"embeddable":true,"href":"https:\/\/hre-official.com\/index.php?rest_route=\/wp\/v2\/users\/1"}],"replies":[{"embeddable":true,"href":"https:\/\/hre-official.com\/index.php?rest_route=%2Fwp%2Fv2%2Fcomments&post=1902"}],"version-history":[{"count":0,"href":"https:\/\/hre-official.com\/index.php?rest_route=\/wp\/v2\/posts\/1902\/revisions"}],"wp:featuredmedia":[{"embeddable":true,"href":"https:\/\/hre-official.com\/index.php?rest_route=\/wp\/v2\/media\/1901"}],"wp:attachment":[{"href":"https:\/\/hre-official.com\/index.php?rest_route=%2Fwp%2Fv2%2Fmedia&parent=1902"}],"wp:term":[{"taxonomy":"category","embeddable":true,"href":"https:\/\/hre-official.com\/index.php?rest_route=%2Fwp%2Fv2%2Fcategories&post=1902"},{"taxonomy":"post_tag","embeddable":true,"href":"https:\/\/hre-official.com\/index.php?rest_route=%2Fwp%2Fv2%2Ftags&post=1902"}],"curies":[{"name":"wp","href":"https:\/\/api.w.org\/{rel}","templated":true}]}}