{"id":1899,"date":"2019-11-25T03:15:34","date_gmt":"2019-11-25T03:15:34","guid":{"rendered":"https:\/\/hre-official.com\/?p=1899"},"modified":"2023-05-29T20:15:35","modified_gmt":"2023-05-29T20:15:35","slug":"%d8%b3%d9%84%d8%b3%d9%84%d8%a9-%d8%b9%d9%85%d9%84%d9%8a%d8%a7%d8%aa-%d8%a7%d9%86%d8%aa%d9%82%d8%a7%d9%85%d9%8a%d8%a9-%d9%81%d9%8a-%d9%85%d9%86%d8%b7%d9%82%d8%a9-%d8%b9%d9%81%d8%b1%d9%8a%d9%86-%d9%88","status":"publish","type":"post","link":"https:\/\/hre-official.com\/?p=1899","title":{"rendered":"\u0633\u0644\u0633\u0644\u0629 \u0639\u0645\u0644\u064a\u0627\u062a \u0627\u0646\u062a\u0642\u0627\u0645\u064a\u0629 \u0641\u064a \u0645\u0646\u0637\u0642\u0629 \u0639\u0641\u0631\u064a\u0646 \u0648\u0627\u0639\u0632\u0627\u0632"},"content":{"rendered":"\r\n<p dir=\"ltr\">Li her\u00eama Efr\u00een \u00fb Ezaz\u00ea r\u00eaze\u00e7alakiy\u00ean tolhildan\u00ea <br \/>H\u00eaz\u00ean me di \u00e7ar\u00e7oveya \u00e7alakiy\u00ean xwe y\u00ean tolhildan\u00ea de li her\u00eama Efr\u00een \u00fb bajar\u00ea Ezaz\u00ea li dij\u00ee art\u00ea\u015fa Tirk a dagirker \u00fb \u00e7etey\u00ean w\u00ea r\u00eaz\u00ea\u00e7alakiy\u00ean bi bandor li dar xistin. <br \/>Di d\u00eeroka 23\u00ea Mijdar\u00ea de h\u00eaz\u00ean me li gund\u00ea Meryem\u00een y\u00ea bi ser nav\u00e7eya \u015eera de \u00e7alakiyek bi \u015f\u00eawaz\u00ea sizme li dij\u00ee baragehek\u00ee art\u00ea\u015fa Tirk a dagirker li dar xistin. Di encam\u00ea de 2 ji wan giran 7 le\u015fker\u00ean dagirker bir\u00eendar b\u00fbn. <br \/>Di d\u00eeroka 23\u00ea Mijdar\u00ea de h\u00eaz\u00ean me li gund\u00ea Xezew\u00ee ya bi ser nav\u00e7eya \u015e\u00earawa de li dij\u00ee \u00e7etey\u00ean art\u00ea\u015fa Tirk a dagirker \u00e7alakiyek sabotaj\u00ea li dar xistin. Di encam\u00ea de \u00e7etey\u00ea bi nav\u00ea \u00cebrah\u00eem M\u00fbsa el-El\u00ee y\u00ea ku ji her\u00eama \u0130dlib\u00ea ye hat ku\u015ftin. <br \/>Di heman d\u00eerok\u00ea de h\u00eaz\u00ean me li derdora bajar\u00ea Ezaz\u00ea li dij\u00ee \u00e7etey\u00ean art\u00ea\u015fa Tirk a dagirker \u00e7alakiyek sabotaj\u00ea li dar xistin. Di encam\u00ea de 3 \u00e7ete bir\u00eendar b\u00fbn. <br \/>Her wiha pi\u015ft\u00ee \u00e7alakiy\u00ean h\u00eaz\u00ean me art\u00ea\u015fa Tirk a dagirker \u00fb \u00e7etey\u00ean w\u00ea gund\u00ean Malikiy\u00ea, Mer\u2019enaz, \u015eewarixa, Kela \u015eewarixa \u00fb Elqamiy\u00ea y\u00ean bi ser nav\u00e7eya \u015eera de bi dijwar\u00ee topbaran kir. <br \/>H\u00eaz\u00ean Rizgariya Efr\u00een | 25\u00ea Mijdar 2019<\/p>\r\n\r\n\r\n\r\n<p>\u0634\u0627\u0647\u062f \u0627\u0644\u0641\u064a\u062f\u064a\u0648 \u0639\u0628\u0631 \u0627\u0644\u0631\u0627\u0628\u0637 \u0627\u0644\u062a\u0627\u0644\u064a :<\/p>\r\n\r\n\r\n\r\n<p dir=\"ltr\"><a href=\"http:\/\/t.me\/HRE_official_kurdish\/412\">t.me\/HRE_official_kurdish\/412<\/a><\/p>\r\n","protected":false},"excerpt":{"rendered":"<p>Li her\u00eama Efr\u00een \u00fb Ezaz\u00ea r\u00eaze\u00e7alakiy\u00ean tolhildan\u00ea H\u00eaz\u00ean me di \u00e7ar\u00e7oveya \u00e7alakiy\u00ean xwe y\u00ean tolhildan\u00ea de li her\u00eama Efr\u00een \u00fb bajar\u00ea Ezaz\u00ea li dij\u00ee art\u00ea\u015fa Tirk a dagirker \u00fb \u00e7etey\u00ean w\u00ea r\u00eaz\u00ea\u00e7alakiy\u00ean bi bandor li dar xistin. Di d\u00eeroka 23\u00ea Mijdar\u00ea de h\u00eaz\u00ean me li gund\u00ea Meryem\u00een y\u00ea bi ser nav\u00e7eya \u015eera de \u00e7alakiyek bi &hellip;<\/p>\n","protected":false},"author":1,"featured_media":1898,"comment_status":"open","ping_status":"open","sticky":false,"template":"","format":"standard","meta":{"_jetpack_memberships_contains_paid_content":false,"footnotes":""},"categories":[24,25],"tags":[],"class_list":["post-1899","post","type-post","status-publish","format-standard","has-post-thumbnail","hentry","category-24","category-25"],"jetpack_featured_media_url":"https:\/\/hre-official.com\/wp-content\/uploads\/2023\/04\/FB_IMG_1681514496804.jpg","jetpack_sharing_enabled":true,"_links":{"self":[{"href":"https:\/\/hre-official.com\/index.php?rest_route=\/wp\/v2\/posts\/1899","targetHints":{"allow":["GET"]}}],"collection":[{"href":"https:\/\/hre-official.com\/index.php?rest_route=\/wp\/v2\/posts"}],"about":[{"href":"https:\/\/hre-official.com\/index.php?rest_route=\/wp\/v2\/types\/post"}],"author":[{"embeddable":true,"href":"https:\/\/hre-official.com\/index.php?rest_route=\/wp\/v2\/users\/1"}],"replies":[{"embeddable":true,"href":"https:\/\/hre-official.com\/index.php?rest_route=%2Fwp%2Fv2%2Fcomments&post=1899"}],"version-history":[{"count":0,"href":"https:\/\/hre-official.com\/index.php?rest_route=\/wp\/v2\/posts\/1899\/revisions"}],"wp:featuredmedia":[{"embeddable":true,"href":"https:\/\/hre-official.com\/index.php?rest_route=\/wp\/v2\/media\/1898"}],"wp:attachment":[{"href":"https:\/\/hre-official.com\/index.php?rest_route=%2Fwp%2Fv2%2Fmedia&parent=1899"}],"wp:term":[{"taxonomy":"category","embeddable":true,"href":"https:\/\/hre-official.com\/index.php?rest_route=%2Fwp%2Fv2%2Fcategories&post=1899"},{"taxonomy":"post_tag","embeddable":true,"href":"https:\/\/hre-official.com\/index.php?rest_route=%2Fwp%2Fv2%2Ftags&post=1899"}],"curies":[{"name":"wp","href":"https:\/\/api.w.org\/{rel}","templated":true}]}}