{"id":1896,"date":"2019-11-16T23:40:29","date_gmt":"2019-11-16T23:40:29","guid":{"rendered":"https:\/\/hre-official.com\/?p=1896"},"modified":"2023-05-29T20:22:52","modified_gmt":"2023-05-29T20:22:52","slug":"%d9%85%d9%82%d8%aa%d9%84-%d9%85%d8%b1%d8%aa%d8%b2%d9%82-%d9%85%d9%86-%d9%85%d8%b1%d8%aa%d8%b2%d9%82%d8%a9-%d8%a7%d9%84%d8%a7%d8%ad%d8%aa%d9%84%d8%a7%d9%84-%d8%a7%d9%84%d8%aa%d8%b1%d9%83%d9%8a-%d8%a8","status":"publish","type":"post","link":"https:\/\/hre-official.com\/?p=1896","title":{"rendered":"\u0645\u0642\u062a\u0644 \u0645\u0631\u062a\u0632\u0642 \u0645\u0646 \u0645\u0631\u062a\u0632\u0642\u0629 \u0627\u0644\u0627\u062d\u062a\u0644\u0627\u0644 \u0627\u0644\u062a\u0631\u0643\u064a \u0628\u0639\u0645\u0644\u064a\u0629 \u0627\u0646\u062a\u0642\u0627\u0645\u064a\u0629"},"content":{"rendered":"\r\n<p dir=\"ltr\">Di \u00e7alakiya tolhildan\u00ea \u00e7eteyek hat ku\u015ftin<\/p>\r\n\r\n\r\n\r\n<p dir=\"ltr\">H\u00eaz\u00ean me \u00e7alakiy\u00ean xwe y\u00ean di \u00e7ar\u00e7oveya tolhildan\u00ea de li dij\u00ee art\u00ea\u015fa Tirk a dagirker \u00fb \u00e7etey\u00ean w\u00ea b\u00ea navber didom\u00eenin.<\/p>\r\n\r\n\r\n\r\n<p dir=\"ltr\">Di d\u00eeroka 16\u00ea Mijdar\u00ea de li derdora bajar\u00ea Ra\u00ee h\u00eaz\u00ean me bi \u00e7alakiyek sabotaj\u00ea \u00e7eteyek\u00ee ku tercumantiy\u00ea ji le\u015fker\u00ean art\u00ea\u015fa Tirk a dagirker re dikir kirin armanc. Di encam\u00ea de ew \u00e7ete hat ku\u015ftin.<\/p>\r\n\r\n\r\n\r\n<p dir=\"ltr\">Her wiha liv \u00fb tevgera balafir\u00ean \u015fer \u00fb ke\u015fif\u00ea y\u00ean art\u00ea\u015fa Tirk a dagirker li ser her\u00eam\u00ean Efr\u00een \u00fb \u015eehba berdewam dike.<\/p>\r\n\r\n\r\n\r\n<p dir=\"ltr\">H\u00eaz\u00ean Rizgariya Efr\u00een | 17 Mijdar 2019<\/p>\r\n\r\n\r\n\r\n<p>\u0634\u0627\u0647\u062f \u0627\u0644\u0641\u064a\u062f\u064a\u0648 \u0639\u0628\u0631 \u0627\u0644\u0631\u0627\u0628\u0637 \u0627\u0644\u062a\u0627\u0644\u064a :<\/p>\r\n<p dir=\"ltr\"><a href=\"http:\/\/t.me\/HRE_official_kurdish\/410\">t.me\/HRE_official_kurdish\/410<\/a><\/p>\r\n\r\n\r\n","protected":false},"excerpt":{"rendered":"<p>Di \u00e7alakiya tolhildan\u00ea \u00e7eteyek hat ku\u015ftin H\u00eaz\u00ean me \u00e7alakiy\u00ean xwe y\u00ean di \u00e7ar\u00e7oveya tolhildan\u00ea de li dij\u00ee art\u00ea\u015fa Tirk a dagirker \u00fb \u00e7etey\u00ean w\u00ea b\u00ea navber didom\u00eenin. Di d\u00eeroka 16\u00ea Mijdar\u00ea de li derdora bajar\u00ea Ra\u00ee h\u00eaz\u00ean me bi \u00e7alakiyek sabotaj\u00ea \u00e7eteyek\u00ee ku tercumantiy\u00ea ji le\u015fker\u00ean art\u00ea\u015fa Tirk a dagirker re dikir kirin armanc. Di &hellip;<\/p>\n","protected":false},"author":1,"featured_media":1895,"comment_status":"open","ping_status":"open","sticky":false,"template":"","format":"standard","meta":{"_jetpack_memberships_contains_paid_content":false,"footnotes":""},"categories":[24,25],"tags":[],"class_list":["post-1896","post","type-post","status-publish","format-standard","has-post-thumbnail","hentry","category-24","category-25"],"jetpack_featured_media_url":"https:\/\/hre-official.com\/wp-content\/uploads\/2023\/04\/IMG_20230415_013045_496.jpg","jetpack_sharing_enabled":true,"_links":{"self":[{"href":"https:\/\/hre-official.com\/index.php?rest_route=\/wp\/v2\/posts\/1896","targetHints":{"allow":["GET"]}}],"collection":[{"href":"https:\/\/hre-official.com\/index.php?rest_route=\/wp\/v2\/posts"}],"about":[{"href":"https:\/\/hre-official.com\/index.php?rest_route=\/wp\/v2\/types\/post"}],"author":[{"embeddable":true,"href":"https:\/\/hre-official.com\/index.php?rest_route=\/wp\/v2\/users\/1"}],"replies":[{"embeddable":true,"href":"https:\/\/hre-official.com\/index.php?rest_route=%2Fwp%2Fv2%2Fcomments&post=1896"}],"version-history":[{"count":0,"href":"https:\/\/hre-official.com\/index.php?rest_route=\/wp\/v2\/posts\/1896\/revisions"}],"wp:featuredmedia":[{"embeddable":true,"href":"https:\/\/hre-official.com\/index.php?rest_route=\/wp\/v2\/media\/1895"}],"wp:attachment":[{"href":"https:\/\/hre-official.com\/index.php?rest_route=%2Fwp%2Fv2%2Fmedia&parent=1896"}],"wp:term":[{"taxonomy":"category","embeddable":true,"href":"https:\/\/hre-official.com\/index.php?rest_route=%2Fwp%2Fv2%2Fcategories&post=1896"},{"taxonomy":"post_tag","embeddable":true,"href":"https:\/\/hre-official.com\/index.php?rest_route=%2Fwp%2Fv2%2Ftags&post=1896"}],"curies":[{"name":"wp","href":"https:\/\/api.w.org\/{rel}","templated":true}]}}