{"id":1883,"date":"2019-11-03T03:55:21","date_gmt":"2019-11-03T03:55:21","guid":{"rendered":"https:\/\/hre-official.com\/?p=1883"},"modified":"2023-05-29T20:20:35","modified_gmt":"2023-05-29T20:20:35","slug":"%d9%85%d9%82%d8%aa%d9%84-%d9%85%d8%b1%d8%aa%d8%b2%d9%82-%d9%81%d9%8a-%d8%b9%d9%85%d9%84%d9%8a%d8%a9-%d8%a5%d9%86%d8%aa%d9%82%d8%a7%d9%85","status":"publish","type":"post","link":"https:\/\/hre-official.com\/?p=1883","title":{"rendered":"\u0645\u0642\u062a\u0644 \u0645\u0631\u062a\u0632\u0642 \u0641\u064a \u0639\u0645\u0644\u064a\u0629 \u0625\u0646\u062a\u0642\u0627\u0645"},"content":{"rendered":"\r\n<p>Di \u00e7alakiya tolhildan\u00ea de 1 \u00e7ete hat ku\u015ftin <br \/>H\u00eaz\u00ean me \u00e7alakiy\u00ean xwe y\u00ean di \u00e7ar\u00e7oveya tolhildan\u00ea de li dij\u00ee art\u00ea\u015fa Tirk a dagirker \u00fb \u00e7etey\u00ean w\u00ea didom\u00eenin. <br \/>Di d\u00eeroka 2\u00ea Mijdar\u00ea de li gund\u00ea Kefer Xa\u015fir y\u00ea gir\u00eaday\u00ee her\u00eama Ezaz\u00ea h\u00eaz\u00ean me li dij\u00ee \u00e7etey\u00ean art\u00ea\u015fa Tirk a dagirker \u00e7alakiyek\u00ee sekvan\u00ee li dar xistin. Di encam\u00ea de 1 \u00e7ete hat ku\u015ftin. <br \/>H\u00eaz\u00ean Rizgariya Efr\u00een | 3 Mijdar 2019 <br \/><br \/><br \/><\/p>\r\n\r\n\r\n\r\n<p>\u0634\u0627\u0647\u062f \u0627\u0644\u0641\u064a\u062f\u064a\u0648 \u0639\u0628\u0631 \u0627\u0644\u0631\u0627\u0628\u0637 \u0627\u0644\u062a\u0627\u0644\u064a :<\/p>\r\n\r\n\r\n\r\n<p dir=\"ltr\"><a href=\"http:\/\/t.me\/HRE_official_kurdish\/396\">t.me\/HRE_official_kurdish\/396<\/a><\/p>\r\n","protected":false},"excerpt":{"rendered":"<p>Di \u00e7alakiya tolhildan\u00ea de 1 \u00e7ete hat ku\u015ftin H\u00eaz\u00ean me \u00e7alakiy\u00ean xwe y\u00ean di \u00e7ar\u00e7oveya tolhildan\u00ea de li dij\u00ee art\u00ea\u015fa Tirk a dagirker \u00fb \u00e7etey\u00ean w\u00ea didom\u00eenin. Di d\u00eeroka 2\u00ea Mijdar\u00ea de li gund\u00ea Kefer Xa\u015fir y\u00ea gir\u00eaday\u00ee her\u00eama Ezaz\u00ea h\u00eaz\u00ean me li dij\u00ee \u00e7etey\u00ean art\u00ea\u015fa Tirk a dagirker \u00e7alakiyek\u00ee sekvan\u00ee li dar xistin. Di &hellip;<\/p>\n","protected":false},"author":1,"featured_media":1882,"comment_status":"open","ping_status":"open","sticky":false,"template":"","format":"standard","meta":{"_jetpack_memberships_contains_paid_content":false,"footnotes":""},"categories":[24,25],"tags":[],"class_list":["post-1883","post","type-post","status-publish","format-standard","has-post-thumbnail","hentry","category-24","category-25"],"jetpack_featured_media_url":"https:\/\/hre-official.com\/wp-content\/uploads\/2023\/04\/Screenshot_2023-04-15-01-24-36-922-edit_org.telegram.messenger.jpg","jetpack_sharing_enabled":true,"_links":{"self":[{"href":"https:\/\/hre-official.com\/index.php?rest_route=\/wp\/v2\/posts\/1883","targetHints":{"allow":["GET"]}}],"collection":[{"href":"https:\/\/hre-official.com\/index.php?rest_route=\/wp\/v2\/posts"}],"about":[{"href":"https:\/\/hre-official.com\/index.php?rest_route=\/wp\/v2\/types\/post"}],"author":[{"embeddable":true,"href":"https:\/\/hre-official.com\/index.php?rest_route=\/wp\/v2\/users\/1"}],"replies":[{"embeddable":true,"href":"https:\/\/hre-official.com\/index.php?rest_route=%2Fwp%2Fv2%2Fcomments&post=1883"}],"version-history":[{"count":0,"href":"https:\/\/hre-official.com\/index.php?rest_route=\/wp\/v2\/posts\/1883\/revisions"}],"wp:featuredmedia":[{"embeddable":true,"href":"https:\/\/hre-official.com\/index.php?rest_route=\/wp\/v2\/media\/1882"}],"wp:attachment":[{"href":"https:\/\/hre-official.com\/index.php?rest_route=%2Fwp%2Fv2%2Fmedia&parent=1883"}],"wp:term":[{"taxonomy":"category","embeddable":true,"href":"https:\/\/hre-official.com\/index.php?rest_route=%2Fwp%2Fv2%2Fcategories&post=1883"},{"taxonomy":"post_tag","embeddable":true,"href":"https:\/\/hre-official.com\/index.php?rest_route=%2Fwp%2Fv2%2Ftags&post=1883"}],"curies":[{"name":"wp","href":"https:\/\/api.w.org\/{rel}","templated":true}]}}